{"id":13821,"date":"2016-02-11T11:48:41","date_gmt":"2016-02-11T11:48:41","guid":{"rendered":"https:\/\/www.lab.eus\/nuevamente-no-hay-negociacion-en-la-mesa-general-de-la-funcion-publica\/"},"modified":"2016-02-11T11:48:41","modified_gmt":"2016-02-11T11:48:41","slug":"nuevamente-no-hay-negociacion-en-la-mesa-general-de-la-funcion-publica","status":"publish","type":"post","link":"https:\/\/www.lab.eus\/es\/nuevamente-no-hay-negociacion-en-la-mesa-general-de-la-funcion-publica\/","title":{"rendered":"Nuevamente no hay negociaci\u00f3n en la Mesa General de la Funci\u00f3n P\u00fablica"},"content":{"rendered":"<p> <\/p>\n<div style=\"padding-right:15px;width:345px; float:left; border-right-style:solid; border-right-width:1px; border-right-color:#dddddd\"><em><img loading=\"lazy\" decoding=\"async\" class=\" size-full wp-image-13817\" width=\"345\" height=\"207\" alt=\"\" src=\"https:\/\/www.lab.eus\/wp-content\/uploads\/2016\/02\/materiala_argazkiak_zerbitzuPublikoak_zerbitzuPublikoak_16_02_11mahaiorokorra_mahai-orokorra16_02_11.jpg\" srcset=\"https:\/\/www.lab.eus\/wp-content\/uploads\/2016\/02\/materiala_argazkiak_zerbitzuPublikoak_zerbitzuPublikoak_16_02_11mahaiorokorra_mahai-orokorra16_02_11.jpg 800w, https:\/\/www.lab.eus\/wp-content\/uploads\/2016\/02\/materiala_argazkiak_zerbitzuPublikoak_zerbitzuPublikoak_16_02_11mahaiorokorra_mahai-orokorra16_02_11-300x180.jpg 300w, https:\/\/www.lab.eus\/wp-content\/uploads\/2016\/02\/materiala_argazkiak_zerbitzuPublikoak_zerbitzuPublikoak_16_02_11mahaiorokorra_mahai-orokorra16_02_11-768x461.jpg 768w, https:\/\/www.lab.eus\/wp-content\/uploads\/2016\/02\/materiala_argazkiak_zerbitzuPublikoak_zerbitzuPublikoak_16_02_11mahaiorokorra_mahai-orokorra16_02_11-150x90.jpg 150w, https:\/\/www.lab.eus\/wp-content\/uploads\/2016\/02\/materiala_argazkiak_zerbitzuPublikoak_zerbitzuPublikoak_16_02_11mahaiorokorra_mahai-orokorra16_02_11-696x418.jpg 696w, https:\/\/www.lab.eus\/wp-content\/uploads\/2016\/02\/materiala_argazkiak_zerbitzuPublikoak_zerbitzuPublikoak_16_02_11mahaiorokorra_mahai-orokorra16_02_11-700x420.jpg 700w\" sizes=\"auto, (max-width: 345px) 100vw, 345px\" \/><\/p>\n<p> Hoy se ha reunido en Gasteiz la Mesa General de la Funci&oacute;n P&uacute;blica. Antes de nada tenemos que denunciar que nos hemos enterado por los medios de comunicaci&oacute;n tanto de la convocatoria de la reuni&oacute;n como del orden del d&iacute;a. Los temas que ha puesto la Administraci&oacute;n encima de la mesa han sido dos: los d&iacute;as de libranza por antig&uuml;edad llamados canoso y la fecha de devoluci&oacute;n del 25% de la paga de navidad de 2012.<\/em><\/p>\n<p> En lo que respecta a la primera cuesti&oacute;n, tal y como la misma Administraci&oacute;n los elimin&oacute; unilateralmente, ha anunciado que los devolver&aacute; tambi&eacute;n unilateralmente en 2016. En este sentido debemos comentar que si bien ya ten&iacute;a esa posibilidad legal de devolverlos en 2015, s&oacute;lo devolver&aacute; los de 2016. En cuanto a la segunda cuesti&oacute;n, ha indicado que ese 25% lo abonar&aacute; en abril.<\/p>\n<p> <a data-flickr-embed=\"true\" href=\"https:\/\/www.flickr.com\/photos\/labzpf\/24956508755\/in\/album-72157664395223711\/\" title=\"160211 MO Kontzentra Lakua1 13\"><img loading=\"lazy\" decoding=\"async\" class=\" size-full wp-image-13818\" src=\"https:\/\/www.lab.eus\/wp-content\/uploads\/2016\/02\/farm2.staticflickr.com_1602_24956508755_5d33a49978_c.jpg\" width=\"345\" height=\"230\" alt=\"160211 MO Kontzentra Lakua1 13\" srcset=\"https:\/\/www.lab.eus\/wp-content\/uploads\/2016\/02\/farm2.staticflickr.com_1602_24956508755_5d33a49978_c.jpg 799w, https:\/\/www.lab.eus\/wp-content\/uploads\/2016\/02\/farm2.staticflickr.com_1602_24956508755_5d33a49978_c-300x200.jpg 300w, https:\/\/www.lab.eus\/wp-content\/uploads\/2016\/02\/farm2.staticflickr.com_1602_24956508755_5d33a49978_c-768x512.jpg 768w, https:\/\/www.lab.eus\/wp-content\/uploads\/2016\/02\/farm2.staticflickr.com_1602_24956508755_5d33a49978_c-150x100.jpg 150w, https:\/\/www.lab.eus\/wp-content\/uploads\/2016\/02\/farm2.staticflickr.com_1602_24956508755_5d33a49978_c-696x464.jpg 696w, https:\/\/www.lab.eus\/wp-content\/uploads\/2016\/02\/farm2.staticflickr.com_1602_24956508755_5d33a49978_c-630x420.jpg 630w\" sizes=\"auto, (max-width: 345px) 100vw, 345px\" \/><\/a><script async src=\"\/\/embedr.flickr.com\/assets\/client-code.js\" charset=\"utf-8\"><\/script><\/p>\n<p> Con estas dos medidas no se recupera m&aacute;s que una peque&ntilde;a parte de los recortes que el Gobierno que dirige el PNV ha venido recortando los &uacute;ltimos a&ntilde;os, sin dar respuesta a los problemas de fondo que existen en el sector p&uacute;blico y en las condiciones de su personal: la destrucci&oacute;n de empleo que se ha dado los &uacute;ltimos a&ntilde;os y la precarizaci&oacute;n del personal; en lo que a &eacute;sto respecta, es especialmente preocupante la tasa de eventualidad que se est&aacute; dando en este momento, lo que influye en los servicios p&uacute;blicos que recibe toda la poblaci&oacute;n.<\/p>\n<p> Pero hay otro elemento preocupante en la postura que muestra este Gobierno, que es la anulaci&oacute;n del derecho a la negociaci&oacute;n colectiva. El caso es que desde que este Gobierno ha tomado el poder no ha dado ninguna opci&oacute;n a la negociaci&oacute;n, fijando &eacute;l mismo los temas que se plantean en la Mesa General y aplicando las medidas unilateralmente. En este sentido, desde el sindicato LAB queremos denunciar que m&aacute;s que una mesa de negociaci&oacute;n, ha transformado la Mesa General en una mera mesa para dar informaci&oacute;n.<\/p>\n<p> &nbsp;<\/p><\/div>\n<div style=\"width:180px; float:left; padding-left:15px;\">\n<div style=\"text-align: center; \"><a href=\"\/rssak\"><input width=\"30\" type=\"image\" height=\"30\" src=\"\/materiala\/argazkiak\/feed.png\" alt=\"RSSak\" longdesc=\"undefined\" \/><\/a><a target=\"_blank\" href=\"http:\/\/www.facebook.com\/pages\/LAB-sindikatua\/292846207397345\" rel=\"noopener noreferrer\"><input width=\"30\" type=\"image\" height=\"30\" src=\"\/modules\/mod_socialmediacloud\/icons\/facebook.png\" alt=\"LAB Facebooken\" longdesc=\"undefined\" \/><\/a><a target=\"_blank\" href=\"http:\/\/issuu.com\/lab_argitalpenak\" rel=\"noopener noreferrer\"><input width=\"30\" type=\"image\" height=\"30\" src=\"\/modules\/mod_socialmediacloud\/icons\/issuu.png\" longdesc=\"undefined\" \/><\/a><a target=\"_blank\" href=\"http:\/\/es.scribd.com\/LABsindikatua\" rel=\"noopener noreferrer\"><input width=\"30\" type=\"image\" height=\"30\" src=\"\/modules\/mod_socialmediacloud\/icons\/scribd.png\" longdesc=\"undefined\" \/><br \/> <\/a><\/div>\n<div style=\"text-align: center; \"><a target=\"_blank\" href=\"http:\/\/twitter.com\/LABsindikatua\" rel=\"noopener noreferrer\"><input width=\"30\" type=\"image\" height=\"30\" src=\"\/modules\/mod_socialmediacloud\/icons\/twitter.png\" longdesc=\"undefined\" \/><\/a><a target=\"_blank\" href=\"http:\/\/www.youtube.com\/user\/labsindikatua\" rel=\"noopener noreferrer\"><input width=\"30\" type=\"image\" height=\"30\" src=\"\/modules\/mod_socialmediacloud\/icons\/youtube.png\" longdesc=\"undefined\" \/><\/a><a target=\"_blank\" href=\"http:\/\/www.flickr.com\/photos\/lab-sindikatua\/\" rel=\"noopener noreferrer\"><input width=\"30\" type=\"image\" height=\"30\" src=\"\/modules\/mod_socialmediacloud\/icons\/flickr.png\" longdesc=\"undefined\" \/><\/a><a href=\"http:\/\/www.labsindikatua.org\/eu\/hasiera\/upload\"><input width=\"30\" type=\"image\" height=\"30\" src=\"\/modules\/mod_socialmediacloud\/icons\/igo.png\" longdesc=\"undefined\" \/><\/a><\/div>\n<p> &nbsp; <a data-flickr-embed=\"true\" href=\"https:\/\/www.flickr.com\/photos\/labzpf\/24325917734\/in\/album-72157664395223711\/\" title=\"160211 MO Kontzentra Lakua1 21\"><img loading=\"lazy\" decoding=\"async\" class=\" size-full wp-image-13819\" src=\"https:\/\/www.lab.eus\/wp-content\/uploads\/2016\/02\/farm2.staticflickr.com_1711_24325917734_c18a44ee79_c.jpg\" width=\"180\" height=\"120\" alt=\"160211 MO Kontzentra Lakua1 21\" srcset=\"https:\/\/www.lab.eus\/wp-content\/uploads\/2016\/02\/farm2.staticflickr.com_1711_24325917734_c18a44ee79_c.jpg 799w, https:\/\/www.lab.eus\/wp-content\/uploads\/2016\/02\/farm2.staticflickr.com_1711_24325917734_c18a44ee79_c-300x200.jpg 300w, https:\/\/www.lab.eus\/wp-content\/uploads\/2016\/02\/farm2.staticflickr.com_1711_24325917734_c18a44ee79_c-768x512.jpg 768w, https:\/\/www.lab.eus\/wp-content\/uploads\/2016\/02\/farm2.staticflickr.com_1711_24325917734_c18a44ee79_c-150x100.jpg 150w, https:\/\/www.lab.eus\/wp-content\/uploads\/2016\/02\/farm2.staticflickr.com_1711_24325917734_c18a44ee79_c-696x464.jpg 696w, https:\/\/www.lab.eus\/wp-content\/uploads\/2016\/02\/farm2.staticflickr.com_1711_24325917734_c18a44ee79_c-630x420.jpg 630w\" sizes=\"auto, (max-width: 180px) 100vw, 180px\" \/><\/a><script async src=\"\/\/embedr.flickr.com\/assets\/client-code.js\" charset=\"utf-8\"><\/script> <\/p>\n<p> <a data-flickr-embed=\"true\" href=\"https:\/\/www.flickr.com\/photos\/labzpf\/24930232156\/in\/album-72157664395223711\/\" title=\"160211 MO Kontzentra Lakua1 06\"><img loading=\"lazy\" decoding=\"async\" class=\" size-full wp-image-13820\" src=\"https:\/\/www.lab.eus\/wp-content\/uploads\/2016\/02\/farm2.staticflickr.com_1542_24930232156_6fed49aa37_c.jpg\" width=\"180\" height=\"120\" alt=\"160211 MO Kontzentra Lakua1 06\" srcset=\"https:\/\/www.lab.eus\/wp-content\/uploads\/2016\/02\/farm2.staticflickr.com_1542_24930232156_6fed49aa37_c.jpg 799w, https:\/\/www.lab.eus\/wp-content\/uploads\/2016\/02\/farm2.staticflickr.com_1542_24930232156_6fed49aa37_c-300x200.jpg 300w, https:\/\/www.lab.eus\/wp-content\/uploads\/2016\/02\/farm2.staticflickr.com_1542_24930232156_6fed49aa37_c-768x512.jpg 768w, https:\/\/www.lab.eus\/wp-content\/uploads\/2016\/02\/farm2.staticflickr.com_1542_24930232156_6fed49aa37_c-150x100.jpg 150w, https:\/\/www.lab.eus\/wp-content\/uploads\/2016\/02\/farm2.staticflickr.com_1542_24930232156_6fed49aa37_c-696x464.jpg 696w, https:\/\/www.lab.eus\/wp-content\/uploads\/2016\/02\/farm2.staticflickr.com_1542_24930232156_6fed49aa37_c-630x420.jpg 630w\" sizes=\"auto, (max-width: 180px) 100vw, 180px\" \/><\/a><script async src=\"\/\/embedr.flickr.com\/assets\/client-code.js\" charset=\"utf-8\"><\/script><\/div>\n<div>&nbsp;<\/div>\n","protected":false},"excerpt":{"rendered":"<p>Hoy se ha reunido en Gasteiz la Mesa General de la Funci&oacute;n P&uacute;blica. Antes de nada tenemos que denunciar que nos hemos enterado por los medios de comunicaci&oacute;n tanto de la convocatoria de la reuni&oacute;n como del orden del d&iacute;a. Los temas que ha puesto la Administraci&oacute;n encima de la mesa han sido dos: los [&hellip;]<\/p>\n","protected":false},"author":1,"featured_media":13817,"comment_status":"open","ping_status":"open","sticky":false,"template":"","format":"standard","meta":{"_monsterinsights_skip_tracking":false,"_monsterinsights_sitenote_active":false,"_monsterinsights_sitenote_note":"","_monsterinsights_sitenote_category":0,"footnotes":"","_links_to":"","_links_to_target":""},"categories":[6,2998],"tags":[],"class_list":{"0":"post-13821","1":"post","2":"type-post","3":"status-publish","4":"format-standard","5":"has-post-thumbnail","7":"category-es-servicios-publicos","8":"category-uncategorized-eu-es"},"_links":{"self":[{"href":"https:\/\/www.lab.eus\/es\/wp-json\/wp\/v2\/posts\/13821","targetHints":{"allow":["GET"]}}],"collection":[{"href":"https:\/\/www.lab.eus\/es\/wp-json\/wp\/v2\/posts"}],"about":[{"href":"https:\/\/www.lab.eus\/es\/wp-json\/wp\/v2\/types\/post"}],"author":[{"embeddable":true,"href":"https:\/\/www.lab.eus\/es\/wp-json\/wp\/v2\/users\/1"}],"replies":[{"embeddable":true,"href":"https:\/\/www.lab.eus\/es\/wp-json\/wp\/v2\/comments?post=13821"}],"version-history":[{"count":0,"href":"https:\/\/www.lab.eus\/es\/wp-json\/wp\/v2\/posts\/13821\/revisions"}],"wp:featuredmedia":[{"embeddable":true,"href":"https:\/\/www.lab.eus\/es\/wp-json\/wp\/v2\/media\/13817"}],"wp:attachment":[{"href":"https:\/\/www.lab.eus\/es\/wp-json\/wp\/v2\/media?parent=13821"}],"wp:term":[{"taxonomy":"category","embeddable":true,"href":"https:\/\/www.lab.eus\/es\/wp-json\/wp\/v2\/categories?post=13821"},{"taxonomy":"post_tag","embeddable":true,"href":"https:\/\/www.lab.eus\/es\/wp-json\/wp\/v2\/tags?post=13821"}],"curies":[{"name":"wp","href":"https:\/\/api.w.org\/{rel}","templated":true}]}}