{"id":13803,"date":"2016-02-09T08:19:42","date_gmt":"2016-02-09T08:19:42","guid":{"rendered":"https:\/\/www.lab.eus\/la-reunion-convocada-por-siderex-no-ha-sido-mas-que-una-foto-vacia-sin-contenido-promovida-por-el-gobierno-vasco\/"},"modified":"2016-02-09T08:19:42","modified_gmt":"2016-02-09T08:19:42","slug":"la-reunion-convocada-por-siderex-no-ha-sido-mas-que-una-foto-vacia-sin-contenido-promovida-por-el-gobierno-vasco","status":"publish","type":"post","link":"https:\/\/www.lab.eus\/es\/la-reunion-convocada-por-siderex-no-ha-sido-mas-que-una-foto-vacia-sin-contenido-promovida-por-el-gobierno-vasco\/","title":{"rendered":"La reuni\u00f3n convocada por Siderex no ha sido m\u00e1s que una foto vac\u00eda sin contenido promovida por el Gobierno Vasco"},"content":{"rendered":"<p><em>LAB ha participado en la reuni&oacute;n convocada por Siderex junto al Gobierno Vasco, representantes de las Acer&iacute;as y miembros de otros sindicatos. LAB ha decidido participar en la reuni&oacute;n debido a la situaci&oacute;n que vive el sector, tal y como denunci&oacute; en diciembre. Hemos acudido a la reuni&oacute;n para defender los intereses de todos y todas las trabajadoras, tanto directos como subcontratados. <\/em><\/p>\n<p> <\/p>\n<div style=\"padding-right:15px;width:345px; float:left; border-right-style:solid; border-right-width:1px; border-right-color:#dddddd\">Hemos reivindicado el futuro del sector, tal como hemos hecho esta misma ma&ntilde;ana en la calle frente al Gobierno Vasco. Nuestro compromiso es defender sus derechos en todos los &aacute;mbitos. <\/p>\n<p> En ese sentido, hemos exigido lo siguiente:<br \/> -Al representante de Arcelor Mittal le hemos exigido la inmediata retirada de la parada y consiguiente amenaza sobre la planta de Sestao, y el cumplimiento del volumen de producci&oacute;n previsto. Nos parece inaceptable el que acudan a reuniones convocadas por instituciones y a&uacute;n no se hayan dignado a reunirse con los y las trabajadoras de Sestao. <\/p>\n<p> -Siendo este un problema que afecta al conjunto de Hego Euskal Herria, hemos solicitado la creaci&oacute;n de una mesa a nivel de Hego Euskal Herria de la Industria del Acero. <\/p>\n<p> -Tanto las direcciones de las empresas como el Gobierno Vasco est&aacute;n eludiendo su responsabilidad. Estas grandes multinacionales, despu&eacute;s de largos a&ntilde;os de beneficios, ahora quieren cargar en las espaldas de los y las trabajadoras la reducci&oacute;n de dicho beneficio. <\/p>\n<p> -El Gobierno Vasco, quiere colocar toda la responsabilidad en lo que se pueda decidir en Bruselas, eludiendo toda responsabilidad. No estamos dispuestas y dispuestos, y se lo hemos dicho a la cara.  <\/p>\n<p> -En la reuni&oacute;n de hoy no se ha presentado ninguna propuesta para garantizar el empleo. &iquest;Para qu&eacute; era entonces? LAB seguir&aacute; defendiendo los derechos de todos y todas las trabajadoras de sector.   <\/p>\n<p> La reuni&oacute;n de hoy no ha sido m&aacute;s que un intento por lavarse la cara del Gobierno Vasco y las multinacionales, buscando sacar una foto. Esto no es lo que el sector del acero necesita en Euskal Herria. LAB no va a participar en fotograf&iacute;as vac&iacute;as de contenido. LAB s&oacute;lo participar&aacute; en marcos en los que se trabaje para garantizar el futuro de las acer&iacute;as vascas y el empleo de todas y todos sus trabajadores. LAB seguir&aacute; proponiendo alternativas.<br \/> &nbsp;<\/div>\n<div style=\"width:180px; float:left; padding-left:15px;\">\n<div style=\"text-align: center; \"><a href=\"\/rssak\"><input width=\"30\" type=\"image\" height=\"30\" longdesc=\"undefined\" alt=\"RSSak\" src=\"\/materiala\/argazkiak\/feed.png\" \/><\/a><a href=\"http:\/\/www.facebook.com\/pages\/LAB-sindikatua\/292846207397345\" target=\"_blank\" rel=\"noopener noreferrer\"><input width=\"30\" type=\"image\" height=\"30\" longdesc=\"undefined\" alt=\"LAB Facebooken\" src=\"\/modules\/mod_socialmediacloud\/icons\/facebook.png\" \/><\/a><a href=\"http:\/\/issuu.com\/lab_argitalpenak\" target=\"_blank\" rel=\"noopener noreferrer\"><input width=\"30\" type=\"image\" height=\"30\" longdesc=\"undefined\" src=\"\/modules\/mod_socialmediacloud\/icons\/issuu.png\" \/><\/a><a href=\"http:\/\/es.scribd.com\/LABsindikatua\" target=\"_blank\" rel=\"noopener noreferrer\"><input width=\"30\" type=\"image\" height=\"30\" longdesc=\"undefined\" src=\"\/modules\/mod_socialmediacloud\/icons\/scribd.png\" \/><br \/> <\/a><\/div>\n<div style=\"text-align: center; \"><a href=\"http:\/\/twitter.com\/LABsindikatua\" target=\"_blank\" rel=\"noopener noreferrer\"><input width=\"30\" type=\"image\" height=\"30\" longdesc=\"undefined\" src=\"\/modules\/mod_socialmediacloud\/icons\/twitter.png\" \/><\/a><a href=\"http:\/\/www.youtube.com\/user\/labsindikatua\" target=\"_blank\" rel=\"noopener noreferrer\"><input width=\"30\" type=\"image\" height=\"30\" longdesc=\"undefined\" src=\"\/modules\/mod_socialmediacloud\/icons\/youtube.png\" \/><\/a><a href=\"http:\/\/www.flickr.com\/photos\/lab-sindikatua\/\" target=\"_blank\" rel=\"noopener noreferrer\"><input width=\"30\" type=\"image\" height=\"30\" longdesc=\"undefined\" src=\"\/modules\/mod_socialmediacloud\/icons\/flickr.png\" \/><\/a><a href=\"http:\/\/www.labsindikatua.org\/eu\/hasiera\/upload\"><input width=\"30\" type=\"image\" height=\"30\" longdesc=\"undefined\" src=\"\/modules\/mod_socialmediacloud\/icons\/igo.png\" \/><\/a><\/div>\n<p> &nbsp;<\/p><\/div>\n<div>&nbsp;<\/div>\n","protected":false},"excerpt":{"rendered":"<p>LAB ha participado en la reuni&oacute;n convocada por Siderex junto al Gobierno Vasco, representantes de las Acer&iacute;as y miembros de otros sindicatos. LAB ha decidido participar en la reuni&oacute;n debido a la situaci&oacute;n que vive el sector, tal y como denunci&oacute; en diciembre. Hemos acudido a la reuni&oacute;n para defender los intereses de todos y [&hellip;]<\/p>\n","protected":false},"author":1,"featured_media":0,"comment_status":"open","ping_status":"open","sticky":false,"template":"","format":"standard","meta":{"_monsterinsights_skip_tracking":false,"_monsterinsights_sitenote_active":false,"_monsterinsights_sitenote_note":"","_monsterinsights_sitenote_category":0,"footnotes":"","_links_to":"","_links_to_target":""},"categories":[108],"tags":[],"class_list":{"0":"post-13803","1":"post","2":"type-post","3":"status-publish","4":"format-standard","6":"category-es-metal"},"_links":{"self":[{"href":"https:\/\/www.lab.eus\/es\/wp-json\/wp\/v2\/posts\/13803","targetHints":{"allow":["GET"]}}],"collection":[{"href":"https:\/\/www.lab.eus\/es\/wp-json\/wp\/v2\/posts"}],"about":[{"href":"https:\/\/www.lab.eus\/es\/wp-json\/wp\/v2\/types\/post"}],"author":[{"embeddable":true,"href":"https:\/\/www.lab.eus\/es\/wp-json\/wp\/v2\/users\/1"}],"replies":[{"embeddable":true,"href":"https:\/\/www.lab.eus\/es\/wp-json\/wp\/v2\/comments?post=13803"}],"version-history":[{"count":0,"href":"https:\/\/www.lab.eus\/es\/wp-json\/wp\/v2\/posts\/13803\/revisions"}],"wp:attachment":[{"href":"https:\/\/www.lab.eus\/es\/wp-json\/wp\/v2\/media?parent=13803"}],"wp:term":[{"taxonomy":"category","embeddable":true,"href":"https:\/\/www.lab.eus\/es\/wp-json\/wp\/v2\/categories?post=13803"},{"taxonomy":"post_tag","embeddable":true,"href":"https:\/\/www.lab.eus\/es\/wp-json\/wp\/v2\/tags?post=13803"}],"curies":[{"name":"wp","href":"https:\/\/api.w.org\/{rel}","templated":true}]}}