{"id":13293,"date":"2015-07-23T10:18:12","date_gmt":"2015-07-23T10:18:12","guid":{"rendered":"https:\/\/www.lab.eus\/el-caso-cabieces-es-una-demostracion-clasica-del-funcionamiento-de-las-puertas-giratorias-en-beneficio-de-algunos-politicos\/"},"modified":"2015-07-23T10:18:12","modified_gmt":"2015-07-23T10:18:12","slug":"el-caso-cabieces-es-una-demostracion-clasica-del-funcionamiento-de-las-puertas-giratorias-en-beneficio-de-algunos-politicos","status":"publish","type":"post","link":"https:\/\/www.lab.eus\/es\/el-caso-cabieces-es-una-demostracion-clasica-del-funcionamiento-de-las-puertas-giratorias-en-beneficio-de-algunos-politicos\/","title":{"rendered":"El Caso Cabieces es una demostraci\u00f3n cl\u00e1sica del funcionamiento de las puertas giratorias en beneficio de algunos pol\u00edticos"},"content":{"rendered":"<p><img loading=\"lazy\" decoding=\"async\" class=\" size-full wp-image-13292\" src=\"https:\/\/www.lab.eus\/wp-content\/uploads\/2015\/07\/materiala_argazkiak_euskalHerria_Kutxabank_15_07_23Kutxabank_kutxabank.jpg\" width=\"550\" height=\"285\" alt=\"\" srcset=\"https:\/\/www.lab.eus\/wp-content\/uploads\/2015\/07\/materiala_argazkiak_euskalHerria_Kutxabank_15_07_23Kutxabank_kutxabank.jpg 800w, https:\/\/www.lab.eus\/wp-content\/uploads\/2015\/07\/materiala_argazkiak_euskalHerria_Kutxabank_15_07_23Kutxabank_kutxabank-300x155.jpg 300w, https:\/\/www.lab.eus\/wp-content\/uploads\/2015\/07\/materiala_argazkiak_euskalHerria_Kutxabank_15_07_23Kutxabank_kutxabank-768x397.jpg 768w, https:\/\/www.lab.eus\/wp-content\/uploads\/2015\/07\/materiala_argazkiak_euskalHerria_Kutxabank_15_07_23Kutxabank_kutxabank-150x78.jpg 150w, https:\/\/www.lab.eus\/wp-content\/uploads\/2015\/07\/materiala_argazkiak_euskalHerria_Kutxabank_15_07_23Kutxabank_kutxabank-696x360.jpg 696w\" sizes=\"auto, (max-width: 550px) 100vw, 550px\" \/><br \/> <em><span style=\"font-size: small; \">Las organizaciones sindicales y sociales personadas como acusaci&oacute;n popular en la causa &quot;Kutxabank Cabieces&quot; concluimos que hasta la fecha El caso Cabieces es una demostraci&oacute;n cl&aacute;sica del funcionamiento de las puertas giratorias en beneficio de algunos pol&iacute;ticos. A nuestro juicio, no se ha aportado prueba alguna que asegure que el dinero que el Se&ntilde;or Cabieces percib&iacute;a se correspondiera con alg&uacute;n tipo de prestaci&oacute;n laboral. Al rev&eacute;s, tanto el informe de auditor&iacute;a como los testimonios solicitados por esta parte, han asegurado que esta prestaci&oacute;n laboral es inexistente. Asimismo exigimos que se de marcha atr&aacute;s en el proceso de privatizaci&oacute;n de Kutxabank. <\/span><\/em><\/p>\n<p> <\/p>\n<div style=\"padding-right:15px;width:345px; float:left; border-right-style:solid; border-right-width:1px; border-right-color:#dddddd\"><span style=\"font-size: medium; \"><strong>VALORACI&Oacute;N DE LA ACUSACI&Oacute;N POPULAR EN EL CASO CABIECES-KUTXABANK<\/strong><\/span><br \/> Las organizaciones sindicales y sociales LAB, ESK, STEE-EILAS, ENHE Bizkaia, HIRU, EKA, Plataforma pensionistas de EH nos personamos como acusaci&oacute;n popular en la causa seguida ante el juzgado de instrucci&oacute;n numero 4 de Bilbao, diligencias previas 426 de 2015 que se siguen por denuncia interpuesta por la fiscal&iacute;a sobre los hechos acaecidos en Kutxabank en los que a resultas de la investigaci&oacute;n se encuentran imputados Mario Fernandez, Mikel Cabieces y Rafa Alcorta entre otros.<\/p>\n<p> La conclusi&oacute;n de lo actuado hasta la fecha es para esta acusaci&oacute;n muy clara y contundente:<\/p>\n<p> El caso Cabieces es una demostraci&oacute;n cl&aacute;sica del funcionamiento de las puertas giratorias en beneficio de algunos pol&iacute;ticos. A nuestro juicio, no se ha aportado prueba alguna que asegure que el dinero que el Se&ntilde;or Cabieces percib&iacute;a se correspondiese con alg&uacute;n tipo de prestaci&oacute;n laboral. Al rev&eacute;s, tanto el informe de auditor&iacute;a como los testimonios solicitados por esta parte, han asegurado que esta prestaci&oacute;n laboral es inexistente.<\/p>\n<p> El trato de favor y el presunto fraude a Kutxabank es una decisi&oacute;n pol&iacute;tica de quienes han decidido privatizar las Cajas Vascas y Kutxabank. <\/p>\n<p> El Sr. Cabieces cobraba de Kutxabank cerca de 6.000 euros mensuales sin trabajar.<\/p>\n<p> Si esos pagos no se corresponden con trabajo alguno son pagos pol&iacute;ticos. <\/p>\n<p> Son pagos que se hacen como parte de los acuerdos de los partidos PNV, PP y PSE en el proceso de privatizaci&oacute;n de Kutxabank y son los representantes de estos partidos pol&iacute;ticos los que deben dar explicaciones al respecto y en su caso asumir las responsabilidades pol&iacute;ticas que puedan derivarse.<\/p>\n<p> El Sr. Cabieces mientras cobraba 12.000 euros mensuales de Kutxabak e Iberdrola, solicito la capitalizaci&oacute;n de la prestaci&oacute;n de desempleo para financiar la seguridad social de su cuota de autonomos. Puede que esta actuaci&oacute;n sea legal, pero a nuestro entender es totalmente inmoral. Entendemos que la &uacute;nica actuaci&oacute;n moralmente aceptable seria que el Sr Cabieces devolviese esa cuant&iacute;a injustamente percibida.<\/p>\n<p> Creemos que nuestro personamiento como acusaci&oacute;n ha sido efectivo y estamos satisfechas, porque gracias a la actuaci&oacute;n de esta acusaci&oacute;n popular se hayan podido recoger testimonios como los realizados que no dejan lugar a dudas respecto a que si no hay un pago por una prestaci&oacute;n de trabajo hay un pago por intereses pol&iacute;ticos.<\/p>\n<p> Testimonios como el realizado por el abogado de CajaSur la semana pasada donde dec&iacute;a no conocer al exdelegado del Gobierno Espa&ntilde;ol de absolutamente de nada, de no haberse comunicado con el ni siquiera por v&iacute;a telef&oacute;nica ni por correo electr&oacute;nico. Adem&aacute;s, los propios compa&ntilde;eros de despacho del Sr Alcorta afirmaron en sede judicial que el Sr Cabieces fue impuesto, y que no fue una elecci&oacute;n en base a sus capacidades y conocimientos. Por lo tanto, siguen sin acreditarnos ning&uacute;n trabajo realizado por el Se&ntilde;or Cabieces, y en este caso, si no ten&iacute;a ninguna relaci&oacute;n con el abogado de caja Sur, c&oacute;mo se justifican los viajes y los gastos de los viajes a Andaluc&iacute;a? Nuestra duda razonable es: &iquest;entonces a que se dedico Cabieces?<\/p>\n<p> La acusaci&oacute;n popular se pregunta de la misma manera, &iquest;c&oacute;mo puede ser que este Se&ntilde;or trabaje tanto para Iberdrola como para Kutxabank al mismo tiempo?<\/p>\n<p> Creemos que existen indicios m&aacute;s que suficientes para que el juzgado siga con la instrucci&oacute;n y para que dicte auto que transforme el procedimiento.<\/p>\n<p> Por &uacute;ltimo, una vez m&aacute;s, se&ntilde;alamos que la privatizaci&oacute;n de Kutxabank ha sido caldo de cultivo para que se den estas actuaciones, y creemos que si no se devuelven las acciones a las entidades p&uacute;blicas fundadoras, se seguir&aacute;n dando situaciones similares.<\/p>\n<p> Exigimos que Kutxabank sea p&uacute;blica, que se de marcha atr&aacute;s en el proceso de privatizaci&oacute;n, lo que el tejido productivo vasco, y la sociedad vasca en general necesitamos es la creaci&oacute;n de un sistema financiero p&uacute;blico vasco. Solamente de esta forma se pueden evitar fraudes como el que tenemos entre manos.<br \/> &nbsp;<\/div>\n<div style=\"width:180px; float:left; padding-left:15px;\">\n<div style=\"text-align: center; \"><a href=\"\/rssak\"><input type=\"image\" src=\"\/materiala\/argazkiak\/feed.png\" alt=\"RSSak\" width=\"30\" height=\"30\" longdesc=\"undefined\" \/><\/a><a target=\"_blank\" href=\"http:\/\/www.facebook.com\/pages\/LAB-sindikatua\/292846207397345\" rel=\"noopener noreferrer\"><input type=\"image\" src=\"\/modules\/mod_socialmediacloud\/icons\/facebook.png\" alt=\"LAB Facebooken\" width=\"30\" height=\"30\" longdesc=\"undefined\" \/><\/a><a target=\"_blank\" href=\"http:\/\/issuu.com\/lab_argitalpenak\" rel=\"noopener noreferrer\"><input type=\"image\" src=\"\/modules\/mod_socialmediacloud\/icons\/issuu.png\" width=\"30\" height=\"30\" longdesc=\"undefined\" \/><\/a><a target=\"_blank\" href=\"http:\/\/es.scribd.com\/LABsindikatua\" rel=\"noopener noreferrer\"><input type=\"image\" src=\"\/modules\/mod_socialmediacloud\/icons\/scribd.png\" width=\"30\" height=\"30\" longdesc=\"undefined\" \/><br \/> <\/a><\/div>\n<div style=\"text-align: center; \"><a target=\"_blank\" href=\"http:\/\/twitter.com\/LABsindikatua\" rel=\"noopener noreferrer\"><input type=\"image\" src=\"\/modules\/mod_socialmediacloud\/icons\/twitter.png\" width=\"30\" height=\"30\" longdesc=\"undefined\" \/><\/a><a target=\"_blank\" href=\"http:\/\/www.youtube.com\/user\/labsindikatua\" rel=\"noopener noreferrer\"><input type=\"image\" src=\"\/modules\/mod_socialmediacloud\/icons\/youtube.png\" width=\"30\" height=\"30\" longdesc=\"undefined\" \/><\/a><a target=\"_blank\" href=\"http:\/\/www.flickr.com\/photos\/lab-sindikatua\/\" rel=\"noopener noreferrer\"><input type=\"image\" src=\"\/modules\/mod_socialmediacloud\/icons\/flickr.png\" width=\"30\" height=\"30\" longdesc=\"undefined\" \/><\/a><a href=\"http:\/\/www.labsindikatua.org\/eu\/hasiera\/upload\"><input type=\"image\" src=\"\/modules\/mod_socialmediacloud\/icons\/igo.png\" width=\"30\" height=\"30\" longdesc=\"undefined\" \/><\/a><\/div>\n<p> &nbsp;<\/p><\/div>\n<div>&nbsp;<\/div>\n","protected":false},"excerpt":{"rendered":"<p>Las organizaciones sindicales y sociales personadas como acusaci&oacute;n popular en la causa &quot;Kutxabank Cabieces&quot; concluimos que hasta la fecha El caso Cabieces es una demostraci&oacute;n cl&aacute;sica del funcionamiento de las puertas giratorias en beneficio de algunos pol&iacute;ticos. A nuestro juicio, no se ha aportado prueba alguna que asegure que el dinero que el Se&ntilde;or Cabieces [&hellip;]<\/p>\n","protected":false},"author":1,"featured_media":13292,"comment_status":"open","ping_status":"open","sticky":false,"template":"","format":"standard","meta":{"_monsterinsights_skip_tracking":false,"_monsterinsights_sitenote_active":false,"_monsterinsights_sitenote_note":"","_monsterinsights_sitenote_category":0,"footnotes":"","_links_to":"","_links_to_target":""},"categories":[2994,2998],"tags":[3182],"class_list":{"0":"post-13293","1":"post","2":"type-post","3":"status-publish","4":"format-standard","5":"has-post-thumbnail","7":"category-accion-social","8":"category-uncategorized-eu-es","9":"tag-accion-social-es"},"_links":{"self":[{"href":"https:\/\/www.lab.eus\/es\/wp-json\/wp\/v2\/posts\/13293","targetHints":{"allow":["GET"]}}],"collection":[{"href":"https:\/\/www.lab.eus\/es\/wp-json\/wp\/v2\/posts"}],"about":[{"href":"https:\/\/www.lab.eus\/es\/wp-json\/wp\/v2\/types\/post"}],"author":[{"embeddable":true,"href":"https:\/\/www.lab.eus\/es\/wp-json\/wp\/v2\/users\/1"}],"replies":[{"embeddable":true,"href":"https:\/\/www.lab.eus\/es\/wp-json\/wp\/v2\/comments?post=13293"}],"version-history":[{"count":0,"href":"https:\/\/www.lab.eus\/es\/wp-json\/wp\/v2\/posts\/13293\/revisions"}],"wp:featuredmedia":[{"embeddable":true,"href":"https:\/\/www.lab.eus\/es\/wp-json\/wp\/v2\/media\/13292"}],"wp:attachment":[{"href":"https:\/\/www.lab.eus\/es\/wp-json\/wp\/v2\/media?parent=13293"}],"wp:term":[{"taxonomy":"category","embeddable":true,"href":"https:\/\/www.lab.eus\/es\/wp-json\/wp\/v2\/categories?post=13293"},{"taxonomy":"post_tag","embeddable":true,"href":"https:\/\/www.lab.eus\/es\/wp-json\/wp\/v2\/tags?post=13293"}],"curies":[{"name":"wp","href":"https:\/\/api.w.org\/{rel}","templated":true}]}}