{"id":13243,"date":"2015-07-04T05:29:08","date_gmt":"2015-07-04T05:29:08","guid":{"rendered":"https:\/\/www.lab.eus\/importante-avance-en-democratizacion-proteccion-social-y-sector-publico-insuficiente-en-reforma-fiscal\/"},"modified":"2015-07-04T05:29:08","modified_gmt":"2015-07-04T05:29:08","slug":"importante-avance-en-democratizacion-proteccion-social-y-sector-publico-insuficiente-en-reforma-fiscal","status":"publish","type":"post","link":"https:\/\/www.lab.eus\/es\/importante-avance-en-democratizacion-proteccion-social-y-sector-publico-insuficiente-en-reforma-fiscal\/","title":{"rendered":"Importante avance en democratizaci\u00f3n, protecci\u00f3n social y sector p\u00fablico, insuficiente en reforma fiscal"},"content":{"rendered":"<p><em><span style=\"font-size: small; \">A la espera de un an&aacute;lisis sectorial profundo en las diferentes estructuras del sindicato, LAB hace la siguiente valoraci&oacute;n sobre el Acuerdo Program&aacute;tico pactado por Geroa Bai, EH Bildu, Podemos-Ahal Dugu e Izquierda-Ezkerra.<\/span><\/em><\/p>\n<p> <\/p>\n<div style=\"padding-right:15px;width:345px; float:left; border-right-style:solid; border-right-width:1px; border-right-color:#dddddd\"><strong>Considerable avance en democratizaci&oacute;n, aunque incompleta en el &aacute;mbito sociolaboral<\/strong><br \/> El Acuerdo Program&aacute;tico recoge medidas para desmontar el estado de excepci&oacute;n instaurado por UPN y PSN durante estos treinta a&ntilde;os, avanzando sustancialmente en la democratizaci&oacute;n de Navarra. Entre otros, se apuesta por los derechos ling&uuml;&iacute;sticos (paralizaci&oacute;n del PAI, apoyo a los euskaltegis, modelo D para todo aquel que lo solicite, circuito biling&uuml;e en la administraci&oacute;n) aunque sin comprometerse con la imprescindible nueva Ley del Euskera, relegada al apartado de &ldquo;desacuerdos&rdquo;; por los derechos de las personas migrantes, hasta ahora discriminadas; por el derecho a la igualdad de las mujeres, as&iacute; como el derecho al aborto en la red sanitaria p&uacute;blica; por los derechos del colectivo LGTBQ, con la creaci&oacute;n de un servicio y programas espec&iacute;ficos; por el derecho a la salud sexual y reproductiva, recuperando el modelo COFES. <\/p>\n<p> A nivel socioecon&oacute;mico, valoramos positivamente la liquidaci&oacute;n de la Fundaci&oacute;n Moderna, as&iacute; como la democratizaci&oacute;n de las instituciones sociolaborales como el Tribunal Laboral o el Servicio Navarro de Empleo o la creaci&oacute;n de un Observatorio de los derechos y libertades sindicales. Ahora bien, el proceso democratizador es incompleto en el &aacute;mbito sociolaboral, puesto que la necesaria publificaci&oacute;n de la formaci&oacute;n laboral y dem&aacute;s pol&iacute;ticas activas de empleo queda relegada al cap&iacute;tulo de &ldquo;desacuerdos&rdquo;. En este sentido, queremos trasladar un mensaje n&iacute;tido al nuevo Gobierno: LAB no va a admitir de ninguna manera que se mantenga con dinero p&uacute;blico la estructura clientelar de Patronal, UGT y CCOO. <\/p>\n<p> <strong>Medidas acertadas para hacer frente a la situaci&oacute;n de emergencia social, falta de apuesta estrat&eacute;gica para construir un nuevo modelo<\/strong><br \/> El programa recoge varias medidas para hacer frente al desastre social generado por las pol&iacute;ticas neoliberales de PP y UPN. La instauraci&oacute;n de la Renta B&aacute;sica, la reversi&oacute;n de los recortes en la Dependencia, la asunci&oacute;n de las propuestas de las PAH respecto a los desahucios, el derecho de todo navarro o navarra al acceso a una vivienda, el complemento de las pensiones o el impulso a los servicios sociales, son medidas que aliviar&aacute;n el sufrimiento de miles de personas. <\/p>\n<p> Sin embargo, hay que se&ntilde;alar que la apuesta estrat&eacute;gica deber&iacute;a consistir en poner fin al modelo econ&oacute;mico y social que genera estas situaciones. Sin obviar que en el Programa hay apuntes en ese sentido, se incide m&aacute;s en corregir aspectos negativos del modelo actual que en construir uno nuevo. LAB quiere incidir en la necesidad estrat&eacute;gica de construir ese nuevo modelo. Evidentemente, para ello es necesario hacer efectiva la soberan&iacute;a de Navarra en materia econ&oacute;mica y social, apostando por un marco propio a nivel socioecon&oacute;mico, laboral y de protecci&oacute;n social. <\/p>\n<p> <strong>Importante apuesta por el sector p&uacute;blico, insuficiente reforma fiscal<\/strong><br \/> Uno de los aspectos que hay que resaltar es la apuesta por reconstruir los servicios p&uacute;blicos tras las pol&iacute;ticas publicidas de UPN-PSN. El Acuerdo recoge aspectos como la reversi&oacute;n de los recortes en Dependencia, Sanidad y Educaci&oacute;n; la paralizaci&oacute;n de las privatizaciones y la reversi&oacute;n de algunas de ellas, como las Cocinas hospitalarias o el transporte sanitario; as&iacute; como las OPEs en Sanidad y Educaci&oacute;n, aunque no se concreta n&uacute;mero. Falta por concretar tambi&eacute;n el alcance del necesario vuelco en el &aacute;mbito de los servicios sociales, fuertemente privatizados. En Sanidad se habla acertadamente de revisar convenios, de asegurar el car&aacute;cter p&uacute;blico del Banco de Sangre y el Instituto de Investigaci&oacute;n Sanitaria, pero no se explicita claramente la necesidad de terminar con las derivaciones a la sanidad privada, algo que LAB va a reclamar de manera contundente. Respecto a la salud laboral de la plantilla del Gobierno de Navarra, se plantea estudiar su publificaci&oacute;n pero otorgando voz a las Mutuas, que precisamente est&aacute;n pujando por lo contrario. En cuanto a Educaci&oacute;n, resulta positiva la postura contraria a la aplicaci&oacute;n de la LOMCE, de no financiar a los centros que segregan por sexos, as&iacute; como la apuesta por una red de 0-3 p&uacute;blica. <\/p>\n<p> Ahora bien, el gran problema deriva de la insuficiente reforma fiscal planteada. Sin aumentar sustancialmente la recaudaci&oacute;n fiscal es imposible aumentar sustancialmente la inversi&oacute;n en el sector p&uacute;blico. Y este es el principal punto negro del Acuerdo Program&aacute;tico: ni siquiera alcanza el ya de por s&iacute; insuficiente nivel de recaudaci&oacute;n que exist&iacute;a en Navarra hace varios a&ntilde;os. Especialmente preocupante es el Impuesto de Sociedades que se plantea. Mientras que el porcentaje del PIB que revierte en beneficios empresariales supera ya al porcentaje que revierte en salarios, en el 2013 se recaudaron 917 millones de euros v&iacute;a IRPF frente a los 194 v&iacute;a Impuesto de Sociedades. Los retoques planteados en el Acuerdo Program&aacute;tico no van a corregir esta brutal desproporci&oacute;n. El &quot;tipo efectivo suelo&quot; que se plantea en el Impuesto de Sociedades es del 13%, pero de hecho ya es del 12,9% en la actualidad (ejercicio 2013) y adem&aacute;s se prev&eacute; que podr&iacute;a ser menor por I+D+I y para pymes y micropymes. En definitiva, la fiscalidad que se plantea en el Acuerdo Program&aacute;tico sigue siendo muy beneficiosa para la Patronal navarra y compromete seriamente el desarrollo de los servicios p&uacute;blicos y las pol&iacute;ticas sociales. Por todo ello, LAB anuncia su intenci&oacute;n de movilizarse junto con otros sindicatos y agentes sociales por una reforma fiscal profunda que favorezca a las clases populares. <\/p>\n<p> <strong>Pol&iacute;tica econ&oacute;mica: se se&ntilde;alan los problemas, no se desarrollan las soluciones<\/strong><br \/> Valoramos de manera positiva que no se sit&uacute;e el problema en los costes laborales (como tendenciosamente hace la Patronal) sino en la internacionalici&oacute;n, los altos costes energ&eacute;ticos o los problemas de financiaci&oacute;n. As&iacute; mismo, se se&ntilde;ala la salida en el empleo de calidad (aunque sin definirlo) y el I+D, a la vez que se pone fin al econ&oacute;micamente perjudicial aislamiento de Navarra respecto al resto de Euskal Herria. Resulta resa&ntilde;able, igualmente, la apuesta por la econom&iacute;a social, aunque no se desarrolla el papel de Sodena respecto a la misma. Tambi&eacute;n es positiva la referencia al reparto del trabajo, aunque en este &aacute;mbito falta concreci&oacute;n: consideramos necesario impulsar la jornada de 35 horas sin merma salarial como referencia general. Igualmente, se muestra una oposici&oacute;n a la reforma laboral pero sin desarrollar medidas concretas para desactivarla. En definitiva, el Acuerdo recoge determinados conceptos v&aacute;lidos, pero si no se desarrollan de manera efectiva existe un riesgo real de que sean la pol&iacute;tica econ&oacute;mica y la reforma laboral dictada en Madrid las que determinen de facto la realidad econ&oacute;mica y laboral de Navarra. Evidentemente, la construcci&oacute;n progresiva de un marco propio de relaciones laborales es condici&oacute;n sine qua non para ello.<\/p>\n<p> <strong>Reflexi&oacute;n general: es tiempo de movilizaci&oacute;n sindical y social<\/strong><br \/> Consideramos imprescindible que el Pueblo organizado se movilice para que se desarrollen los aspectos positivos del Acuerdo Program&aacute;tico, para que se corrijan los aspectos negativos (como la pol&iacute;tica fiscal) y, en general, para que se avance en el Cambio Social. <\/p>\n<p> &nbsp;<\/p><\/div>\n<div style=\"width:180px; float:left; padding-left:15px;\">\n<div style=\"text-align: center; \"><a href=\"\/rssak\"><input type=\"image\" src=\"\/materiala\/argazkiak\/feed.png\" alt=\"RSSak\" width=\"30\" height=\"30\" longdesc=\"undefined\" \/><\/a><a target=\"_blank\" href=\"http:\/\/www.facebook.com\/pages\/LAB-sindikatua\/292846207397345\" rel=\"noopener noreferrer\"><input type=\"image\" src=\"\/modules\/mod_socialmediacloud\/icons\/facebook.png\" alt=\"LAB Facebooken\" width=\"30\" height=\"30\" longdesc=\"undefined\" \/><\/a><a target=\"_blank\" href=\"http:\/\/issuu.com\/lab_argitalpenak\" rel=\"noopener noreferrer\"><input type=\"image\" src=\"\/modules\/mod_socialmediacloud\/icons\/issuu.png\" width=\"30\" height=\"30\" longdesc=\"undefined\" \/><\/a><a target=\"_blank\" href=\"http:\/\/es.scribd.com\/LABsindikatua\" rel=\"noopener noreferrer\"><input type=\"image\" src=\"\/modules\/mod_socialmediacloud\/icons\/scribd.png\" width=\"30\" height=\"30\" longdesc=\"undefined\" \/><br \/> <\/a><\/div>\n<div style=\"text-align: center; \"><a target=\"_blank\" href=\"http:\/\/twitter.com\/LABsindikatua\" rel=\"noopener noreferrer\"><input type=\"image\" src=\"\/modules\/mod_socialmediacloud\/icons\/twitter.png\" width=\"30\" height=\"30\" longdesc=\"undefined\" \/><\/a><a target=\"_blank\" href=\"http:\/\/www.youtube.com\/user\/labsindikatua\" rel=\"noopener noreferrer\"><input type=\"image\" src=\"\/modules\/mod_socialmediacloud\/icons\/youtube.png\" width=\"30\" height=\"30\" longdesc=\"undefined\" \/><\/a><a target=\"_blank\" href=\"http:\/\/www.flickr.com\/photos\/lab-sindikatua\/\" rel=\"noopener noreferrer\"><input type=\"image\" src=\"\/modules\/mod_socialmediacloud\/icons\/flickr.png\" width=\"30\" height=\"30\" longdesc=\"undefined\" \/><\/a><a href=\"http:\/\/www.labsindikatua.org\/eu\/hasiera\/upload\"><input type=\"image\" src=\"\/modules\/mod_socialmediacloud\/icons\/igo.png\" width=\"30\" height=\"30\" longdesc=\"undefined\" \/><\/a><\/div>\n<p> &nbsp;<\/p><\/div>\n<div>&nbsp;<\/div>\n","protected":false},"excerpt":{"rendered":"<p>A la espera de un an&aacute;lisis sectorial profundo en las diferentes estructuras del sindicato, LAB hace la siguiente valoraci&oacute;n sobre el Acuerdo Program&aacute;tico pactado por Geroa Bai, EH Bildu, Podemos-Ahal Dugu e Izquierda-Ezkerra. Considerable avance en democratizaci&oacute;n, aunque incompleta en el &aacute;mbito sociolaboral El Acuerdo Program&aacute;tico recoge medidas para desmontar el estado de excepci&oacute;n instaurado [&hellip;]<\/p>\n","protected":false},"author":1,"featured_media":0,"comment_status":"open","ping_status":"open","sticky":false,"template":"","format":"standard","meta":{"_monsterinsights_skip_tracking":false,"_monsterinsights_sitenote_active":false,"_monsterinsights_sitenote_note":"","_monsterinsights_sitenote_category":0,"footnotes":"","_links_to":"","_links_to_target":""},"categories":[3402,3301,2998],"tags":[3196],"class_list":{"0":"post-13243","1":"post","2":"type-post","3":"status-publish","4":"format-standard","6":"category-accion-politica","7":"category-euskal-herria-es-2","8":"category-uncategorized-eu-es","9":"tag-nafarroa-es-2"},"_links":{"self":[{"href":"https:\/\/www.lab.eus\/es\/wp-json\/wp\/v2\/posts\/13243","targetHints":{"allow":["GET"]}}],"collection":[{"href":"https:\/\/www.lab.eus\/es\/wp-json\/wp\/v2\/posts"}],"about":[{"href":"https:\/\/www.lab.eus\/es\/wp-json\/wp\/v2\/types\/post"}],"author":[{"embeddable":true,"href":"https:\/\/www.lab.eus\/es\/wp-json\/wp\/v2\/users\/1"}],"replies":[{"embeddable":true,"href":"https:\/\/www.lab.eus\/es\/wp-json\/wp\/v2\/comments?post=13243"}],"version-history":[{"count":0,"href":"https:\/\/www.lab.eus\/es\/wp-json\/wp\/v2\/posts\/13243\/revisions"}],"wp:attachment":[{"href":"https:\/\/www.lab.eus\/es\/wp-json\/wp\/v2\/media?parent=13243"}],"wp:term":[{"taxonomy":"category","embeddable":true,"href":"https:\/\/www.lab.eus\/es\/wp-json\/wp\/v2\/categories?post=13243"},{"taxonomy":"post_tag","embeddable":true,"href":"https:\/\/www.lab.eus\/es\/wp-json\/wp\/v2\/tags?post=13243"}],"curies":[{"name":"wp","href":"https:\/\/api.w.org\/{rel}","templated":true}]}}