{"id":12672,"date":"2014-12-09T06:48:52","date_gmt":"2014-12-09T06:48:52","guid":{"rendered":"https:\/\/www.lab.eus\/le-syndicat-lab-se-felicite-des-resultats-obtenus-aux-elections-dans-la-fonction-publique-hier\/"},"modified":"2014-12-09T06:48:52","modified_gmt":"2014-12-09T06:48:52","slug":"le-syndicat-lab-se-felicite-des-resultats-obtenus-aux-elections-dans-la-fonction-publique-hier","status":"publish","type":"post","link":"https:\/\/www.lab.eus\/es\/le-syndicat-lab-se-felicite-des-resultats-obtenus-aux-elections-dans-la-fonction-publique-hier\/","title":{"rendered":"Le syndicat LAB se f\u00e9licite des r\u00e9sultats obtenus aux \u00e9lections dans la Fonction Publique hier"},"content":{"rendered":"<p><em><span style=\"font-size: small; \">LAB se pr&eacute;sentait pour la premi&egrave;re fois dans la fonction publique en Pays Basque Nord. Nous pr&eacute;sentions des listes &agrave; Cambo les Bains, Communaut&eacute; des Communes de Soule, Hendaye, Saint Pierre d&#8217;Irube et Ustaritz. Nous obtenons des d&eacute;l&eacute;gu&eacute;-e-s &agrave; Cambo, Hendaye et Ustaritz. En g&eacute;n&eacute;ral, partout o&ugrave; LAB s&#8217;est pr&eacute;sent&eacute;, nous avons obtenu entre 20 et 30 % des suffrages allant m&ecirc;me jusqu&rsquo;&agrave; 31.5 % &agrave; Ustaritz, ou encore 65 % &agrave; Cambo.<\/span><\/em><\/p>\n<p> <\/p>\n<div style=\"padding-right:15px;width:345px; float:left; border-right-style:solid; border-right-width:1px; border-right-color:#dddddd\">Ces r&eacute;sultats nous prouvent bien une fois de plus que les travailleurs et travailleuses nous font confiance, et que LAB est bien un syndicat qui grandit et qui est maintenant incontournable en Pays Basque.<\/p>\n<p> Pour r&eacute;pondre aux besoins des agents des plus petites communes d&eacute;pendantes du CDG, nous avions fait le choix de nous pr&eacute;senter avec SUD au niveau du d&eacute;partement. L&agrave; aussi, pour la premi&egrave;re fois, nous obtenons de tr&egrave;s bons r&eacute;sultats et des &eacute;lues avec pratiquement 11 % des suffrages.<\/p>\n<p> Pour LAB, ces &eacute;lections ne sont pas une fin en soit mais juste un point de d&eacute;part. LAB compte bien travailler &agrave; l&#8217;am&eacute;lioration des conditions de travail des agents de la fonction publique, et faire le maximum afin de rapprocher les lieux de d&eacute;cisions au plus pr&ecirc;t de leurs r&eacute;alit&eacute;s.<\/p>\n<p> LAB sera force de proposition pour les prochaines ann&eacute;es.<br \/> LAB revendique la cr&eacute;ation d&#8217;un CDG &agrave; l&#8217;&eacute;chelle du territoire Pays Basque le plus rapidement possible.<\/p>\n<p> <strong>LAB appelle les agents de la fonction publique &agrave; se rapprocher du syndicat afin de s&#8217;organiser au mieux. Pour cela, nous donnons rendez-vous aux agents qui le souhaitent &agrave; nous rejoindre le mercredi 17 d&eacute;cembre &agrave; 18 heures au si&egrave;ge du syndicat LAB, 7 rue de Coursic &agrave; Bayonne.<\/strong><\/p>\n<p> <strong>Le syndicat LAB<br \/> <\/strong> &nbsp;<\/div>\n<div style=\"width:180px; float:left; padding-left:15px;\">\n<div style=\"text-align: center; \"><a href=\"\/rssak\"><input type=\"image\" src=\"\/materiala\/argazkiak\/feed.png\" alt=\"RSSak\" width=\"30\" height=\"30\" longdesc=\"undefined\" \/><\/a><a target=\"_blank\" href=\"http:\/\/www.facebook.com\/pages\/LAB-sindikatua\/292846207397345\" rel=\"noopener noreferrer\"><input type=\"image\" src=\"\/modules\/mod_socialmediacloud\/icons\/facebook.png\" alt=\"LAB Facebooken\" width=\"30\" height=\"30\" longdesc=\"undefined\" \/><\/a><a target=\"_blank\" href=\"http:\/\/issuu.com\/lab_argitalpenak\" rel=\"noopener noreferrer\"><input type=\"image\" src=\"\/modules\/mod_socialmediacloud\/icons\/issuu.png\" width=\"30\" height=\"30\" longdesc=\"undefined\" \/><\/a><a target=\"_blank\" href=\"http:\/\/es.scribd.com\/LABsindikatua\" rel=\"noopener noreferrer\"><input type=\"image\" src=\"\/modules\/mod_socialmediacloud\/icons\/scribd.png\" width=\"30\" height=\"30\" longdesc=\"undefined\" \/><br \/> <\/a><\/div>\n<div style=\"text-align: center; \"><a target=\"_blank\" href=\"http:\/\/twitter.com\/LABsindikatua\" rel=\"noopener noreferrer\"><input type=\"image\" src=\"\/modules\/mod_socialmediacloud\/icons\/twitter.png\" width=\"30\" height=\"30\" longdesc=\"undefined\" \/><\/a><a target=\"_blank\" href=\"http:\/\/www.youtube.com\/user\/labsindikatua\" rel=\"noopener noreferrer\"><input type=\"image\" src=\"\/modules\/mod_socialmediacloud\/icons\/youtube.png\" width=\"30\" height=\"30\" longdesc=\"undefined\" \/><\/a><a target=\"_blank\" href=\"http:\/\/www.flickr.com\/photos\/lab-sindikatua\/\" rel=\"noopener noreferrer\"><input type=\"image\" src=\"\/modules\/mod_socialmediacloud\/icons\/flickr.png\" width=\"30\" height=\"30\" longdesc=\"undefined\" \/><\/a><a href=\"http:\/\/www.labsindikatua.org\/eu\/hasiera\/upload\"><input type=\"image\" src=\"\/modules\/mod_socialmediacloud\/icons\/igo.png\" width=\"30\" height=\"30\" longdesc=\"undefined\" \/><\/a><\/div>\n<p> &nbsp;<\/p><\/div>\n<div>&nbsp;<\/div>\n","protected":false},"excerpt":{"rendered":"<p>LAB se pr&eacute;sentait pour la premi&egrave;re fois dans la fonction publique en Pays Basque Nord. Nous pr&eacute;sentions des listes &agrave; Cambo les Bains, Communaut&eacute; des Communes de Soule, Hendaye, Saint Pierre d&#8217;Irube et Ustaritz. Nous obtenons des d&eacute;l&eacute;gu&eacute;-e-s &agrave; Cambo, Hendaye et Ustaritz. En g&eacute;n&eacute;ral, partout o&ugrave; LAB s&#8217;est pr&eacute;sent&eacute;, nous avons obtenu entre 20 [&hellip;]<\/p>\n","protected":false},"author":1,"featured_media":0,"comment_status":"open","ping_status":"open","sticky":false,"template":"","format":"standard","meta":{"_monsterinsights_skip_tracking":false,"_monsterinsights_sitenote_active":false,"_monsterinsights_sitenote_note":"","_monsterinsights_sitenote_category":0,"footnotes":"","_links_to":"","_links_to_target":""},"categories":[3122,2998],"tags":[],"class_list":{"0":"post-12672","1":"post","2":"type-post","3":"status-publish","4":"format-standard","6":"category-ipar-euskal-herria-es","7":"category-uncategorized-eu-es"},"_links":{"self":[{"href":"https:\/\/www.lab.eus\/es\/wp-json\/wp\/v2\/posts\/12672","targetHints":{"allow":["GET"]}}],"collection":[{"href":"https:\/\/www.lab.eus\/es\/wp-json\/wp\/v2\/posts"}],"about":[{"href":"https:\/\/www.lab.eus\/es\/wp-json\/wp\/v2\/types\/post"}],"author":[{"embeddable":true,"href":"https:\/\/www.lab.eus\/es\/wp-json\/wp\/v2\/users\/1"}],"replies":[{"embeddable":true,"href":"https:\/\/www.lab.eus\/es\/wp-json\/wp\/v2\/comments?post=12672"}],"version-history":[{"count":0,"href":"https:\/\/www.lab.eus\/es\/wp-json\/wp\/v2\/posts\/12672\/revisions"}],"wp:attachment":[{"href":"https:\/\/www.lab.eus\/es\/wp-json\/wp\/v2\/media?parent=12672"}],"wp:term":[{"taxonomy":"category","embeddable":true,"href":"https:\/\/www.lab.eus\/es\/wp-json\/wp\/v2\/categories?post=12672"},{"taxonomy":"post_tag","embeddable":true,"href":"https:\/\/www.lab.eus\/es\/wp-json\/wp\/v2\/tags?post=12672"}],"curies":[{"name":"wp","href":"https:\/\/api.w.org\/{rel}","templated":true}]}}