{"id":12490,"date":"2014-10-24T07:03:17","date_gmt":"2014-10-24T07:03:17","guid":{"rendered":"https:\/\/www.lab.eus\/destruccion-de-empleo-y-mas-precariedad-en-el-tercer-trimestre-del-ano\/"},"modified":"2014-10-24T07:03:17","modified_gmt":"2014-10-24T07:03:17","slug":"destruccion-de-empleo-y-mas-precariedad-en-el-tercer-trimestre-del-ano","status":"publish","type":"post","link":"https:\/\/www.lab.eus\/es\/destruccion-de-empleo-y-mas-precariedad-en-el-tercer-trimestre-del-ano\/","title":{"rendered":"Destrucci\u00f3n de empleo y m\u00e1s precariedad en el tercer trimestre del a\u00f1o"},"content":{"rendered":"<p><em><span style=\"font-size: small; \">Seg&uacute;n los datos publicados por el INE, la poblaci&oacute;n ocupada en Hego Euskal Herria se ha reducido en el tercer trimestre del a&ntilde;o, situ&aacute;ndose en 1.127.600 personas ocupadas, es decir, 5.200 menos que en trimestre anterior.<\/span><\/em><\/p>\n<p> <\/p>\n<div style=\"padding-right:15px;width:345px; float:left; border-right-style:solid; border-right-width:1px; border-right-color:#dddddd\">El balance es doblemente negativo: esta p&eacute;rdida de puestos de trabajo se produce en una &eacute;poca del a&ntilde;o favorable para el empleo en actividades ligadas a la campa&ntilde;a de verano, y adem&aacute;s supone un nuevo rev&eacute;s que agrava las expectativas laborales despu&eacute;s de haber destruido alrededor de 190.000 en los &uacute;ltimos seis a&ntilde;os.<\/p>\n<p> En este sentido, es importante destacar que la bajada del paro es un mero espejismo que se debe exclusivamente a la ca&iacute;da de la poblaci&oacute;n activa. Hay diferentes factores relacionados con este fen&oacute;meno: el envejecimiento de la poblaci&oacute;n, la emigraci&oacute;n por causas econ&oacute;micas, el alargamiento de los a&ntilde;os de estudio, o simplemente la falta de expectativas para animarse a buscar empleo de forma activa.<\/p>\n<p> No es de extra&ntilde;ar el efecto &ldquo;des&aacute;nimo&rdquo; que han provocado tanto el alargamiento de la crisis, como el fracaso de las pol&iacute;ticas y reformas gubernamentales. En este contexto, la cronificaci&oacute;n de las situaciones de paro cada d&iacute;a es m&aacute;s grave. De hecho, actualmente en Hego Euskal Herria hay 129.000 personas en paro que llevan m&aacute;s de un a&ntilde;o buscando empleo. Esto significa que el 64% de las personas desempleadas son de larga duraci&oacute;n.<\/p>\n<p> Por otro lado, comprobamos que durante el tercer trimestre del a&ntilde;o la tasa de temporalidad ha pasado del 21,3% al 22,9% como consecuencia de la progresiva precarizaci&oacute;n del empleo. Esto se debe a que el n&uacute;mero de empleos eventuales creados (en t&eacute;rminos netos) ha sido inferior al n&uacute;mero de empleos indefinidos destruidos.<\/p>\n<p> Asimismo, debemos denunciar que de forma paulatina se est&aacute; sustituyendo empleo a tiempo completo por empleo a tiempo parcial.<\/p>\n<p> En el &uacute;ltimo a&ntilde;o la poblaci&oacute;n ocupada aument&oacute; un exiguo 0,6% en Hego Euskal Herria. Sin embargo, esto no implica que se haya creado trabajo. En realidad, el trabajo existente se reparte entre m&aacute;s personas.<\/p>\n<p> Tal es as&iacute; que en los &uacute;ltimos doce meses la poblaci&oacute;n ocupada a tiempo parcial ha aumentado en 16.100 personas; pero al mismo tiempo la poblaci&oacute;n ocupada a tiempo completo se ha reducido en 9.700 personas. Adem&aacute;s, el salario asociado a los empleos a tiempo parcial es un 33,7% inferior al salario medio pagado en empleos a tiempo completo.<\/p>\n<p> En definitiva, se destruye m&aacute;s empleo que el que se crea, y &eacute;ste &uacute;ltimo cada vez es m&aacute;s precario, de peor calidad y con salarios m&aacute;s bajos. En estas circunstancias no es de extra&ntilde;ar la  progresiva extensi&oacute;n de la pobreza, tambi&eacute;n entre los trabajadores y trabajadoras en activo.<\/p>\n<p> &nbsp;<\/p><\/div>\n<div style=\"width:180px; float:left; padding-left:15px;\">\n<div style=\"text-align: center; \"><a href=\"\/rssak\"><input type=\"image\" src=\"\/materiala\/argazkiak\/feed.png\" alt=\"RSSak\" width=\"30\" height=\"30\" longdesc=\"undefined\" \/><\/a><a target=\"_blank\" href=\"http:\/\/www.facebook.com\/pages\/LAB-sindikatua\/292846207397345\" rel=\"noopener noreferrer\"><input type=\"image\" src=\"\/modules\/mod_socialmediacloud\/icons\/facebook.png\" alt=\"LAB Facebooken\" width=\"30\" height=\"30\" longdesc=\"undefined\" \/><\/a><a target=\"_blank\" href=\"http:\/\/issuu.com\/lab_argitalpenak\" rel=\"noopener noreferrer\"><input type=\"image\" src=\"\/modules\/mod_socialmediacloud\/icons\/issuu.png\" width=\"30\" height=\"30\" longdesc=\"undefined\" \/><\/a><a target=\"_blank\" href=\"http:\/\/es.scribd.com\/LABsindikatua\" rel=\"noopener noreferrer\"><input type=\"image\" src=\"\/modules\/mod_socialmediacloud\/icons\/scribd.png\" width=\"30\" height=\"30\" longdesc=\"undefined\" \/><br \/> <\/a><\/div>\n<div style=\"text-align: center; \"><a target=\"_blank\" href=\"http:\/\/twitter.com\/LABsindikatua\" rel=\"noopener noreferrer\"><input type=\"image\" src=\"\/modules\/mod_socialmediacloud\/icons\/twitter.png\" width=\"30\" height=\"30\" longdesc=\"undefined\" \/><\/a><a target=\"_blank\" href=\"http:\/\/www.youtube.com\/user\/labsindikatua\" rel=\"noopener noreferrer\"><input type=\"image\" src=\"\/modules\/mod_socialmediacloud\/icons\/youtube.png\" width=\"30\" height=\"30\" longdesc=\"undefined\" \/><\/a><a target=\"_blank\" href=\"http:\/\/www.flickr.com\/photos\/lab-sindikatua\/\" rel=\"noopener noreferrer\"><input type=\"image\" src=\"\/modules\/mod_socialmediacloud\/icons\/flickr.png\" width=\"30\" height=\"30\" longdesc=\"undefined\" \/><\/a><a href=\"http:\/\/www.labsindikatua.org\/eu\/hasiera\/upload\"><input type=\"image\" src=\"\/modules\/mod_socialmediacloud\/icons\/igo.png\" width=\"30\" height=\"30\" longdesc=\"undefined\" \/><\/a><\/div>\n<p> &nbsp;<\/p><\/div>\n<div>&nbsp;<\/div>\n","protected":false},"excerpt":{"rendered":"<p>Seg&uacute;n los datos publicados por el INE, la poblaci&oacute;n ocupada en Hego Euskal Herria se ha reducido en el tercer trimestre del a&ntilde;o, situ&aacute;ndose en 1.127.600 personas ocupadas, es decir, 5.200 menos que en trimestre anterior. El balance es doblemente negativo: esta p&eacute;rdida de puestos de trabajo se produce en una &eacute;poca del a&ntilde;o favorable [&hellip;]<\/p>\n","protected":false},"author":1,"featured_media":0,"comment_status":"open","ping_status":"open","sticky":false,"template":"","format":"standard","meta":{"_monsterinsights_skip_tracking":false,"_monsterinsights_sitenote_active":false,"_monsterinsights_sitenote_note":"","_monsterinsights_sitenote_category":0,"footnotes":"","_links_to":"","_links_to_target":""},"categories":[2994],"tags":[3182,3101],"class_list":{"0":"post-12490","1":"post","2":"type-post","3":"status-publish","4":"format-standard","6":"category-accion-social","7":"tag-accion-social-es","8":"tag-desempleo"},"_links":{"self":[{"href":"https:\/\/www.lab.eus\/es\/wp-json\/wp\/v2\/posts\/12490","targetHints":{"allow":["GET"]}}],"collection":[{"href":"https:\/\/www.lab.eus\/es\/wp-json\/wp\/v2\/posts"}],"about":[{"href":"https:\/\/www.lab.eus\/es\/wp-json\/wp\/v2\/types\/post"}],"author":[{"embeddable":true,"href":"https:\/\/www.lab.eus\/es\/wp-json\/wp\/v2\/users\/1"}],"replies":[{"embeddable":true,"href":"https:\/\/www.lab.eus\/es\/wp-json\/wp\/v2\/comments?post=12490"}],"version-history":[{"count":0,"href":"https:\/\/www.lab.eus\/es\/wp-json\/wp\/v2\/posts\/12490\/revisions"}],"wp:attachment":[{"href":"https:\/\/www.lab.eus\/es\/wp-json\/wp\/v2\/media?parent=12490"}],"wp:term":[{"taxonomy":"category","embeddable":true,"href":"https:\/\/www.lab.eus\/es\/wp-json\/wp\/v2\/categories?post=12490"},{"taxonomy":"post_tag","embeddable":true,"href":"https:\/\/www.lab.eus\/es\/wp-json\/wp\/v2\/tags?post=12490"}],"curies":[{"name":"wp","href":"https:\/\/api.w.org\/{rel}","templated":true}]}}