{"id":12488,"date":"2014-10-23T13:35:28","date_gmt":"2014-10-23T13:35:28","guid":{"rendered":"https:\/\/www.lab.eus\/el-comite-de-empresa-de-caf-manifiesta-su-mas-rotundo-rechazo-a-la-privatizacion-de-kutxabank\/"},"modified":"2014-10-23T13:35:28","modified_gmt":"2014-10-23T13:35:28","slug":"el-comite-de-empresa-de-caf-manifiesta-su-mas-rotundo-rechazo-a-la-privatizacion-de-kutxabank","status":"publish","type":"post","link":"https:\/\/www.lab.eus\/es\/el-comite-de-empresa-de-caf-manifiesta-su-mas-rotundo-rechazo-a-la-privatizacion-de-kutxabank\/","title":{"rendered":"El Comit\u00e9 de empresa de CAF manifiesta su m\u00e1s rotundo rechazo a la privatizaci\u00f3n de Kutxabank"},"content":{"rendered":"<p> <\/p>\n<div style=\"padding-right:15px;width:345px; float:left; border-right-style:solid; border-right-width:1px; border-right-color:#dddddd\"><em>Nota de prensa del Comit&eacute; de Empresa de CAF<\/em><br \/> <strong>El Comit&eacute; de empresa de CAF Beasain quiere manifestar su m&aacute;s rotundo rechazo a la liquidaci&oacute;n de Kutxa y privatizaci&oacute;n Kutxabank<\/strong><\/p>\n<p> Tras la creaci&oacute;n del banco Kutxabank han sido muchas las acciones de empresas estrat&eacute;gicas vascas que han sido vendidas a fondos de inversi&oacute;n y mucho nos tememos que una vez en manos de accionistas privados esta pol&iacute;tica acelere y el 20% de las acciones de CAF en manos de Kutxabank sigan el mismo camino. Con el consiguiente perjuicio para la empresa y la econom&iacute;a vasca.&nbsp;<\/p>\n<p> Exigimos que se d&eacute; marcha atr&aacute;s a la trasformaci&oacute;n de la Kutxa en fundaci&oacute;n bancaria y que las instituciones vascas adopten cuantas decisiones sean precisas para revertir el proceso de privatizaci&oacute;n y profundizar el car&aacute;cter p&uacute;blico y social de las Cajas- Kutxabank, avanzando en la creaci&oacute;n de un sistema financiero p&uacute;blico vasco.&nbsp;<\/p>\n<p> Los ahorros y activos depositados por miles de personas a lo largo de los a&ntilde;os en Kutxa deben servir para beneficiar la inversi&oacute;n productiva en Gipuzkoa y apoyar a las personas. No para que unos cuantos especuladores y accionistas incrementen sus beneficios.&nbsp;<\/p>\n<p> Beasain, 2014-10-22&nbsp;<br \/> <strong>CAFeko Enpresa Batzordea<br \/> <\/strong> &nbsp;<\/div>\n<div style=\"width:180px; float:left; padding-left:15px;\">\n<div style=\"text-align: center; \"><a href=\"\/rssak\"><input type=\"image\" src=\"\/materiala\/argazkiak\/feed.png\" alt=\"RSSak\" width=\"30\" height=\"30\" longdesc=\"undefined\" \/><\/a><a target=\"_blank\" href=\"http:\/\/www.facebook.com\/pages\/LAB-sindikatua\/292846207397345\" rel=\"noopener noreferrer\"><input type=\"image\" src=\"\/modules\/mod_socialmediacloud\/icons\/facebook.png\" alt=\"LAB Facebooken\" width=\"30\" height=\"30\" longdesc=\"undefined\" \/><\/a><a target=\"_blank\" href=\"http:\/\/issuu.com\/lab_argitalpenak\" rel=\"noopener noreferrer\"><input type=\"image\" src=\"\/modules\/mod_socialmediacloud\/icons\/issuu.png\" width=\"30\" height=\"30\" longdesc=\"undefined\" \/><\/a><a target=\"_blank\" href=\"http:\/\/es.scribd.com\/LABsindikatua\" rel=\"noopener noreferrer\"><input type=\"image\" src=\"\/modules\/mod_socialmediacloud\/icons\/scribd.png\" width=\"30\" height=\"30\" longdesc=\"undefined\" \/><br \/> <\/a><\/div>\n<div style=\"text-align: center; \"><a target=\"_blank\" href=\"http:\/\/twitter.com\/LABsindikatua\" rel=\"noopener noreferrer\"><input type=\"image\" src=\"\/modules\/mod_socialmediacloud\/icons\/twitter.png\" width=\"30\" height=\"30\" longdesc=\"undefined\" \/><\/a><a target=\"_blank\" href=\"http:\/\/www.youtube.com\/user\/labsindikatua\" rel=\"noopener noreferrer\"><input type=\"image\" src=\"\/modules\/mod_socialmediacloud\/icons\/youtube.png\" width=\"30\" height=\"30\" longdesc=\"undefined\" \/><\/a><a target=\"_blank\" href=\"http:\/\/www.flickr.com\/photos\/lab-sindikatua\/\" rel=\"noopener noreferrer\"><input type=\"image\" src=\"\/modules\/mod_socialmediacloud\/icons\/flickr.png\" width=\"30\" height=\"30\" longdesc=\"undefined\" \/><\/a><a href=\"http:\/\/www.labsindikatua.org\/eu\/hasiera\/upload\"><input type=\"image\" src=\"\/modules\/mod_socialmediacloud\/icons\/igo.png\" width=\"30\" height=\"30\" longdesc=\"undefined\" \/><\/a><\/div>\n<p> &nbsp;<\/p><\/div>\n<div>&nbsp;<\/div>\n","protected":false},"excerpt":{"rendered":"<p>Nota de prensa del Comit&eacute; de Empresa de CAF El Comit&eacute; de empresa de CAF Beasain quiere manifestar su m&aacute;s rotundo rechazo a la liquidaci&oacute;n de Kutxa y privatizaci&oacute;n Kutxabank Tras la creaci&oacute;n del banco Kutxabank han sido muchas las acciones de empresas estrat&eacute;gicas vascas que han sido vendidas a fondos de inversi&oacute;n y mucho [&hellip;]<\/p>\n","protected":false},"author":1,"featured_media":0,"comment_status":"open","ping_status":"open","sticky":false,"template":"","format":"standard","meta":{"_monsterinsights_skip_tracking":false,"_monsterinsights_sitenote_active":false,"_monsterinsights_sitenote_note":"","_monsterinsights_sitenote_category":0,"footnotes":"","_links_to":"","_links_to_target":""},"categories":[2994,2998],"tags":[3182,3048],"class_list":{"0":"post-12488","1":"post","2":"type-post","3":"status-publish","4":"format-standard","6":"category-accion-social","7":"category-uncategorized-eu-es","8":"tag-accion-social-es","9":"tag-caf-es"},"_links":{"self":[{"href":"https:\/\/www.lab.eus\/es\/wp-json\/wp\/v2\/posts\/12488","targetHints":{"allow":["GET"]}}],"collection":[{"href":"https:\/\/www.lab.eus\/es\/wp-json\/wp\/v2\/posts"}],"about":[{"href":"https:\/\/www.lab.eus\/es\/wp-json\/wp\/v2\/types\/post"}],"author":[{"embeddable":true,"href":"https:\/\/www.lab.eus\/es\/wp-json\/wp\/v2\/users\/1"}],"replies":[{"embeddable":true,"href":"https:\/\/www.lab.eus\/es\/wp-json\/wp\/v2\/comments?post=12488"}],"version-history":[{"count":0,"href":"https:\/\/www.lab.eus\/es\/wp-json\/wp\/v2\/posts\/12488\/revisions"}],"wp:attachment":[{"href":"https:\/\/www.lab.eus\/es\/wp-json\/wp\/v2\/media?parent=12488"}],"wp:term":[{"taxonomy":"category","embeddable":true,"href":"https:\/\/www.lab.eus\/es\/wp-json\/wp\/v2\/categories?post=12488"},{"taxonomy":"post_tag","embeddable":true,"href":"https:\/\/www.lab.eus\/es\/wp-json\/wp\/v2\/tags?post=12488"}],"curies":[{"name":"wp","href":"https:\/\/api.w.org\/{rel}","templated":true}]}}