{"id":12234,"date":"2014-07-11T11:19:35","date_gmt":"2014-07-11T11:19:35","guid":{"rendered":"https:\/\/www.lab.eus\/lab-denuncia-la-nueva-masacre-que-el-ejercito-sionista-israeli-esta-perpetrando-en-gaza-contra-la-poblacion-de-esta-parte-ocupada-de-palestina\/"},"modified":"2014-07-11T11:19:35","modified_gmt":"2014-07-11T11:19:35","slug":"lab-denuncia-la-nueva-masacre-que-el-ejercito-sionista-israeli-esta-perpetrando-en-gaza-contra-la-poblacion-de-esta-parte-ocupada-de-palestina","status":"publish","type":"post","link":"https:\/\/www.lab.eus\/es\/lab-denuncia-la-nueva-masacre-que-el-ejercito-sionista-israeli-esta-perpetrando-en-gaza-contra-la-poblacion-de-esta-parte-ocupada-de-palestina\/","title":{"rendered":"LAB denuncia la nueva masacre que el ej\u00e9rcito sionista israel\u00ed est\u00e1 perpetrando en Gaza contra la poblaci\u00f3n de esta parte ocupada de Palestina"},"content":{"rendered":"<p><em><span style=\"font-size: small; \">Gaza es hoy d&iacute;a la mayor c&aacute;rcel a cielo abierto del mundo, el territorio con mayor densidad de la tierra, donde casi 2 millones de palestinos viven en una estrecha franja de tierra. Cualquier bombardeo contra Gaza, debido a esa situaci&oacute;n, acarrea el asesinato masivo de civiles, incluidos ni&ntilde;os, tal y como ocurri&oacute; en 2009 y 2012 y como est&aacute; sucediendo ahora.<\/span><\/em><\/p>\n<p> <\/p>\n<div style=\"padding-right:15px;width:345px; float:left; border-right-style:solid; border-right-width:1px; border-right-color:#dddddd\">En contra de lo que dicen los medios oficiales occidentales, estos bombardeos indiscriminados no son una respuesta israel&iacute; relacionado con el tema de los 3 colonos, sino que una estratagema para profundizar en la agresi&oacute;n imperialista, y debilitar y dividir al pueblo Palestino. <\/p>\n<p> El asesinato, hasta el d&iacute;a de hoy, de m&aacute;s de 88 civiles palestinos durante estos &uacute;ltimos d&iacute;as y el medio millar de heridos es, por el momento, el &uacute;ltimo episodio de las injusticias que est&aacute; padeciendo la poblaci&oacute;n de Gaza. Injusticias cometidas por Israel, con la connivencia y ayuda de los gobiernos occidentales. As&iacute;, hay que recordar una vez m&aacute;s que la poblaci&oacute;n de Gaza lleva desde 2006 sometida a un injusto y cruel bloqueo internacional, por el &ldquo;delito&rdquo; de haber votado masivamente por Hamas en las elecciones celebradas ese a&ntilde;o, lo cual demuestra el maniqueo concepto de &ldquo;democracia&rdquo; que tienen Israel y sus gobiernos occidentales aliados.<\/p>\n<p> Ante esta injusta situaci&oacute;n, LAB reitera su solidaridad con el pueblo palestino y exige que se ponga fin a esta nueva masacre del ej&eacute;rcito sionista. Igualmente exigimos:<\/p>\n<p> &#8211; Que se ponga fin al injusto bloqueo a Gaza.<br \/> &#8211; Que los militares sionistas responsables de estos cr&iacute;menes, as&iacute; como sus responsables internacionales, sean juzgados por ello ante instancias internacionales.<\/p>\n<p> &#8211; Que se d&eacute; una salida negociada y justa a la dram&aacute;tica situaci&oacute;n que padece el pueblo palestino desde 1948. Dicha salida debe contemplar la liberaci&oacute;n de los casi 10.000 presos pol&iacute;ticos palestinos y la posibilidad de retorno de los refugiados.<br \/> Ante la gravedad de la situaci&oacute;n desde LAB reiteramos nuestro apoyo a la campa&ntilde;a internacional de &ldquo;Boicot, Desinversiones y Sanciones&rdquo; (BDS) contra el Estado de Israel, y llamamos a la clase trabajadora vasca y el resto de sectores populares a sumarse a la citada iniciativa, as&iacute; como a secundar las movilizaciones que se est&aacute;n desarrollando estos d&iacute;as en Euskal Herria en contra de este crimen.<\/p>\n<p> &nbsp;<\/p><\/div>\n<div style=\"width:180px; float:left; padding-left:15px;\">\n<div style=\"text-align: center; \"><a href=\"\/rssak\"><input type=\"image\" src=\"\/materiala\/argazkiak\/feed.png\" alt=\"RSSak\" width=\"30\" height=\"30\" longdesc=\"undefined\" \/><\/a><a target=\"_blank\" href=\"http:\/\/www.facebook.com\/pages\/LAB-sindikatua\/292846207397345\" rel=\"noopener noreferrer\"><input type=\"image\" src=\"\/modules\/mod_socialmediacloud\/icons\/facebook.png\" alt=\"LAB Facebooken\" width=\"30\" height=\"30\" longdesc=\"undefined\" \/><\/a><a target=\"_blank\" href=\"http:\/\/issuu.com\/lab_argitalpenak\" rel=\"noopener noreferrer\"><input type=\"image\" src=\"\/modules\/mod_socialmediacloud\/icons\/issuu.png\" width=\"30\" height=\"30\" longdesc=\"undefined\" \/><\/a><a target=\"_blank\" href=\"http:\/\/es.scribd.com\/LABsindikatua\" rel=\"noopener noreferrer\"><input type=\"image\" src=\"\/modules\/mod_socialmediacloud\/icons\/scribd.png\" width=\"30\" height=\"30\" longdesc=\"undefined\" \/><br \/> <\/a><\/div>\n<div style=\"text-align: center; \"><a target=\"_blank\" href=\"http:\/\/twitter.com\/LABsindikatua\" rel=\"noopener noreferrer\"><input type=\"image\" src=\"\/modules\/mod_socialmediacloud\/icons\/twitter.png\" width=\"30\" height=\"30\" longdesc=\"undefined\" \/><\/a><a target=\"_blank\" href=\"http:\/\/www.youtube.com\/user\/labsindikatua\" rel=\"noopener noreferrer\"><input type=\"image\" src=\"\/modules\/mod_socialmediacloud\/icons\/youtube.png\" width=\"30\" height=\"30\" longdesc=\"undefined\" \/><\/a><a target=\"_blank\" href=\"http:\/\/www.flickr.com\/photos\/lab-sindikatua\/\" rel=\"noopener noreferrer\"><input type=\"image\" src=\"\/modules\/mod_socialmediacloud\/icons\/flickr.png\" width=\"30\" height=\"30\" longdesc=\"undefined\" \/><\/a><a href=\"http:\/\/www.labsindikatua.org\/eu\/hasiera\/upload\"><input type=\"image\" src=\"\/modules\/mod_socialmediacloud\/icons\/igo.png\" width=\"30\" height=\"30\" longdesc=\"undefined\" \/><\/a><\/div>\n<p> &nbsp;<\/p><\/div>\n<div>&nbsp;<\/div>\n","protected":false},"excerpt":{"rendered":"<p>Gaza es hoy d&iacute;a la mayor c&aacute;rcel a cielo abierto del mundo, el territorio con mayor densidad de la tierra, donde casi 2 millones de palestinos viven en una estrecha franja de tierra. Cualquier bombardeo contra Gaza, debido a esa situaci&oacute;n, acarrea el asesinato masivo de civiles, incluidos ni&ntilde;os, tal y como ocurri&oacute; en 2009 [&hellip;]<\/p>\n","protected":false},"author":1,"featured_media":0,"comment_status":"open","ping_status":"open","sticky":false,"template":"","format":"standard","meta":{"_monsterinsights_skip_tracking":false,"_monsterinsights_sitenote_active":false,"_monsterinsights_sitenote_note":"","_monsterinsights_sitenote_category":0,"footnotes":"","_links_to":"","_links_to_target":""},"categories":[2998],"tags":[],"class_list":{"0":"post-12234","1":"post","2":"type-post","3":"status-publish","4":"format-standard","6":"category-uncategorized-eu-es"},"_links":{"self":[{"href":"https:\/\/www.lab.eus\/es\/wp-json\/wp\/v2\/posts\/12234","targetHints":{"allow":["GET"]}}],"collection":[{"href":"https:\/\/www.lab.eus\/es\/wp-json\/wp\/v2\/posts"}],"about":[{"href":"https:\/\/www.lab.eus\/es\/wp-json\/wp\/v2\/types\/post"}],"author":[{"embeddable":true,"href":"https:\/\/www.lab.eus\/es\/wp-json\/wp\/v2\/users\/1"}],"replies":[{"embeddable":true,"href":"https:\/\/www.lab.eus\/es\/wp-json\/wp\/v2\/comments?post=12234"}],"version-history":[{"count":0,"href":"https:\/\/www.lab.eus\/es\/wp-json\/wp\/v2\/posts\/12234\/revisions"}],"wp:attachment":[{"href":"https:\/\/www.lab.eus\/es\/wp-json\/wp\/v2\/media?parent=12234"}],"wp:term":[{"taxonomy":"category","embeddable":true,"href":"https:\/\/www.lab.eus\/es\/wp-json\/wp\/v2\/categories?post=12234"},{"taxonomy":"post_tag","embeddable":true,"href":"https:\/\/www.lab.eus\/es\/wp-json\/wp\/v2\/tags?post=12234"}],"curies":[{"name":"wp","href":"https:\/\/api.w.org\/{rel}","templated":true}]}}