{"id":11904,"date":"2014-03-24T13:18:17","date_gmt":"2014-03-24T13:18:17","guid":{"rendered":"https:\/\/www.lab.eus\/lab-denuncia-la-persecucion-sindical-en-ambulancias-bizkaia-y-exige-la-readmision-de-su-delegado-carlos-diaz\/"},"modified":"2014-03-24T13:18:17","modified_gmt":"2014-03-24T13:18:17","slug":"lab-denuncia-la-persecucion-sindical-en-ambulancias-bizkaia-y-exige-la-readmision-de-su-delegado-carlos-diaz","status":"publish","type":"post","link":"https:\/\/www.lab.eus\/es\/lab-denuncia-la-persecucion-sindical-en-ambulancias-bizkaia-y-exige-la-readmision-de-su-delegado-carlos-diaz\/","title":{"rendered":"LAB denuncia la persecuci\u00f3n sindical en Ambulancias Bizkaia  y exige la readmisi\u00f3n de su delegado Carlos D\u00edaz"},"content":{"rendered":"<p><img loading=\"lazy\" decoding=\"async\" class=\" size-full wp-image-11903\" src=\"https:\/\/www.lab.eus\/wp-content\/uploads\/2014\/03\/materiala_argazkiak_zerbitzuPribatuak_anbulantziak_14_03_24AnbulantziakBizkaia_anbulantziak.jpg\" width=\"550\" height=\"309\" alt=\"\" srcset=\"https:\/\/www.lab.eus\/wp-content\/uploads\/2014\/03\/materiala_argazkiak_zerbitzuPribatuak_anbulantziak_14_03_24AnbulantziakBizkaia_anbulantziak.jpg 550w, https:\/\/www.lab.eus\/wp-content\/uploads\/2014\/03\/materiala_argazkiak_zerbitzuPribatuak_anbulantziak_14_03_24AnbulantziakBizkaia_anbulantziak-300x169.jpg 300w, https:\/\/www.lab.eus\/wp-content\/uploads\/2014\/03\/materiala_argazkiak_zerbitzuPribatuak_anbulantziak_14_03_24AnbulantziakBizkaia_anbulantziak-150x84.jpg 150w\" sizes=\"auto, (max-width: 550px) 100vw, 550px\" \/><br \/> <em><span style=\"font-size: small; \">El sindicato LAB denuncia la persecuci&oacute;n sindical que se lleva a cabo en las empresas pertenecientes a la UTE Ambulancias Bizkaia. Una persecuci&oacute;n que se ha centrado en todos aquellos trabajadores y trabajadoras que han osado hacer frente a las pretensiones dictatoriales del gerente de esta empresa, Angel Luis Calleja, o que no han pasado por las condiciones laborales que &eacute;ste les pretend&iacute;a imponer, persecuci&oacute;n que se ha materializado en sanciones y amonestaciones de todo tipo, e incluso en despidos de todo aquel que no aceptaba o se rebelaba contra las imposiciones empresariales.<\/span><\/em><\/p>\n<p> <\/p>\n<div style=\"padding-right:15px;width:345px; float:left; border-right-style:solid; border-right-width:1px; border-right-color:#dddddd\">M&aacute;s concretamente queremos denunciar la persecuci&oacute;n  que se ejerce  sobre los afiliados y afiliadas de este sindicato, y m&aacute;s concretamente sobre nuestros y nuestras delegadas y delegados, siendo el &uacute;ltimo ejemplo de esta persecuci&oacute;n sindical el despido de nuestro delegado en el SAMU Bizkaia Carlos D&iacute;az el pasado mes de noviembre. Sin lugar a dudas el despido de Carlos D&iacute;az es un ejemplo claro del actuar del gerente de la UTE Ambulancias Bizkaia.<\/p>\n<p> Con anterioridad al despido de Carlos, ya fueron despedidos dos delegados y tres afiliados de este sindicato, as&iacute; como una enfermera que se presentaba en las listas de UGT, y otra enfermera que se present&oacute; por LAB, tambi&eacute;n en el mes de noviembre. Esos despidos acabaron con la readmisi&oacute;n de uno de los delegados tras una huelga de hambre frente al hospital de Cruces, llevada a cabo tambi&eacute;n por el hoy despedido Carlos, y el reconocimiento de la improcedenc&iacute;a del despido en los dem&aacute;s casos. <\/p>\n<p> &Eacute;sta es una forma habitual de actuar en esta empresa, que act&uacute;a bajo la imposici&oacute;n y el miedo a toda su plantilla. Esta situaci&oacute;n es m&aacute;s sangrante si cabe cuando se trata de una empresa que trabaja en casi su totalidad para la administraci&oacute;n, el Departamento de Sanidad del Gobierno Vasco. No es de recibo que la admnistraci&oacute;n contrate servicios tan sensibles para la sociedad como son las ambulancias, y que luego mire para otro lado y se desentienda de los ataques que se producen en esas empresas a las condiciones laborales de los trabajadores y trabajadoras de este sector, y a la  libertad sindical dentro de esas empresas.<\/p>\n<p> Desde el sindicato LAB consideramos fuera de lugar y abusivo el despido realizado sobre nuestro compa&ntilde;ero y delegado Carlos, que busca una v&iacute;ctima ejemplarizante, y atemorizar al resto de la plantilla para que nadie se atreva a plantar cara a la empresa y a defender sus derechos. <\/p>\n<p> En denuncia de este despido y contra la persecuci&oacute;n sindical se van produciendo movilizaciones desde la fecha del despido todos los martes y mi&eacute;rcoles frente al hospital de Cruces y Basurto, y frente a la Delegaci&oacute;n de Sanidad y el Gobierno Vasco en Bilbao. <\/p>\n<p> Por &uacute;ltimo, coincidiendo con la v&iacute;spera del juicio por el despido injustificado de nuestro compa&ntilde;ero y delegado Carlos, exigimos a la empresa la inmediata readmisi&oacute;n de Carlos, y al Gobierno Vasco que deje de mirar para otro lado y est&eacute; vigilante, y no permita que este tipo de actuaciones y persecuci&oacute;n se d&eacute; en las empresas a las que contrata estos servicios p&uacute;blicos que pagamos todas y todos los ciudadanos. De no hacerlo as&iacute;, desde LAB seguiremos denunciando a las empresas que son las cupables de estas situaciones y a la administraciones que lo permiten, ya que al no actuar y dejar que estos hechos sucedan se convierten en c&oacute;mplices necesarios de la persecuci&oacute;n sindical.<\/p>\n<p> &nbsp;<\/p><\/div>\n<div style=\"width:180px; float:left; padding-left:15px;\">\n<div style=\"text-align: center; \"><a href=\"\/rssak\"><input type=\"image\" src=\"\/materiala\/argazkiak\/feed.png\" alt=\"RSSak\" width=\"30\" height=\"30\" longdesc=\"undefined\" \/><\/a><a target=\"_blank\" href=\"http:\/\/www.facebook.com\/pages\/LAB-sindikatua\/292846207397345\" rel=\"noopener noreferrer\"><input type=\"image\" src=\"\/modules\/mod_socialmediacloud\/icons\/facebook.png\" alt=\"LAB Facebooken\" width=\"30\" height=\"30\" longdesc=\"undefined\" \/><\/a><a target=\"_blank\" href=\"http:\/\/issuu.com\/lab_argitalpenak\" rel=\"noopener noreferrer\"><input type=\"image\" src=\"\/modules\/mod_socialmediacloud\/icons\/issuu.png\" width=\"30\" height=\"30\" longdesc=\"undefined\" \/><\/a><a target=\"_blank\" href=\"http:\/\/es.scribd.com\/LABsindikatua\" rel=\"noopener noreferrer\"><input type=\"image\" src=\"\/modules\/mod_socialmediacloud\/icons\/scribd.png\" width=\"30\" height=\"30\" longdesc=\"undefined\" \/><br \/> <\/a><\/div>\n<div style=\"text-align: center; \"><a target=\"_blank\" href=\"http:\/\/twitter.com\/LABsindikatua\" rel=\"noopener noreferrer\"><input type=\"image\" src=\"\/modules\/mod_socialmediacloud\/icons\/twitter.png\" width=\"30\" height=\"30\" longdesc=\"undefined\" \/><\/a><a target=\"_blank\" href=\"http:\/\/www.youtube.com\/user\/labsindikatua\" rel=\"noopener noreferrer\"><input type=\"image\" src=\"\/modules\/mod_socialmediacloud\/icons\/youtube.png\" width=\"30\" height=\"30\" longdesc=\"undefined\" \/><\/a><a target=\"_blank\" href=\"http:\/\/www.flickr.com\/photos\/lab-sindikatua\/\" rel=\"noopener noreferrer\"><input type=\"image\" src=\"\/modules\/mod_socialmediacloud\/icons\/flickr.png\" width=\"30\" height=\"30\" longdesc=\"undefined\" \/><\/a><a href=\"http:\/\/www.labsindikatua.org\/eu\/hasiera\/upload\"><input type=\"image\" src=\"\/modules\/mod_socialmediacloud\/icons\/igo.png\" width=\"30\" height=\"30\" longdesc=\"undefined\" \/><\/a><\/div>\n<p> &nbsp;<\/p><\/div>\n<div>&nbsp;<\/div>\n","protected":false},"excerpt":{"rendered":"<p>El sindicato LAB denuncia la persecuci&oacute;n sindical que se lleva a cabo en las empresas pertenecientes a la UTE Ambulancias Bizkaia. Una persecuci&oacute;n que se ha centrado en todos aquellos trabajadores y trabajadoras que han osado hacer frente a las pretensiones dictatoriales del gerente de esta empresa, Angel Luis Calleja, o que no han pasado [&hellip;]<\/p>\n","protected":false},"author":1,"featured_media":11903,"comment_status":"open","ping_status":"open","sticky":false,"template":"","format":"standard","meta":{"_monsterinsights_skip_tracking":false,"_monsterinsights_sitenote_active":false,"_monsterinsights_sitenote_note":"","_monsterinsights_sitenote_category":0,"footnotes":"","_links_to":"","_links_to_target":""},"categories":[372],"tags":[],"class_list":{"0":"post-11904","1":"post","2":"type-post","3":"status-publish","4":"format-standard","5":"has-post-thumbnail","7":"category-es-ambulancias-es-servicios-privados"},"_links":{"self":[{"href":"https:\/\/www.lab.eus\/es\/wp-json\/wp\/v2\/posts\/11904","targetHints":{"allow":["GET"]}}],"collection":[{"href":"https:\/\/www.lab.eus\/es\/wp-json\/wp\/v2\/posts"}],"about":[{"href":"https:\/\/www.lab.eus\/es\/wp-json\/wp\/v2\/types\/post"}],"author":[{"embeddable":true,"href":"https:\/\/www.lab.eus\/es\/wp-json\/wp\/v2\/users\/1"}],"replies":[{"embeddable":true,"href":"https:\/\/www.lab.eus\/es\/wp-json\/wp\/v2\/comments?post=11904"}],"version-history":[{"count":0,"href":"https:\/\/www.lab.eus\/es\/wp-json\/wp\/v2\/posts\/11904\/revisions"}],"wp:featuredmedia":[{"embeddable":true,"href":"https:\/\/www.lab.eus\/es\/wp-json\/wp\/v2\/media\/11903"}],"wp:attachment":[{"href":"https:\/\/www.lab.eus\/es\/wp-json\/wp\/v2\/media?parent=11904"}],"wp:term":[{"taxonomy":"category","embeddable":true,"href":"https:\/\/www.lab.eus\/es\/wp-json\/wp\/v2\/categories?post=11904"},{"taxonomy":"post_tag","embeddable":true,"href":"https:\/\/www.lab.eus\/es\/wp-json\/wp\/v2\/tags?post=11904"}],"curies":[{"name":"wp","href":"https:\/\/api.w.org\/{rel}","templated":true}]}}