{"id":11815,"date":"2014-02-21T16:36:49","date_gmt":"2014-02-21T16:36:49","guid":{"rendered":"https:\/\/www.lab.eus\/reaccion-de-lab-ante-el-anuncio-de-la-comision-internacional-de-verificacion\/"},"modified":"2014-02-21T16:36:49","modified_gmt":"2014-02-21T16:36:49","slug":"reaccion-de-lab-ante-el-anuncio-de-la-comision-internacional-de-verificacion","status":"publish","type":"post","link":"https:\/\/www.lab.eus\/es\/reaccion-de-lab-ante-el-anuncio-de-la-comision-internacional-de-verificacion\/","title":{"rendered":"Reacci\u00f3n de LAB ante el anuncio de la Comisi\u00f3n Internacional de Verificaci\u00f3n"},"content":{"rendered":"<p><em><span style=\"font-size: small; \">Ante el anuncio realizado hoy por la Comisi&oacute;n Internacional de Verificaci&oacute;n, desde el sindicato LAB, queremos poner de relieve la importancia que tiene el paso dado por la organizaci&oacute;n ETA. Es indiscutible la aportaci&oacute;n que supone dicho paso al proceso en marcha en Euskal Herria y de esa manera es entendido tanto en Euskal Herria como en la comunidad internacional.<\/span><\/em><\/p>\n<p> <\/p>\n<div style=\"padding-right:15px;width:345px; float:left; border-right-style:solid; border-right-width:1px; border-right-color:#dddddd\">Se imbrica dentro de todo un camino, un camino que debe traer una resoluci&oacute;n integral para Euskal Herria. Tenemos el convencimiento de que esta apuesta de la organizaci&oacute;n ETA traer&aacute; consigo otros pasos y frutos importantes de cara a los acuerdos a alcanzar en nuestro pueblo para lograr dicha resoluci&oacute;n integral. No podemos dejar de mencionar que, junto con esta iniciativa concreta, la organizaci&oacute;n ETA tambi&eacute;n mostr&oacute; su completa disposici&oacute;n a tomar parte en aquellas negociaciones o conversaciones que puedan organizarse con el objetivo de conseguir un escenario de resoluci&oacute;n y paz.<\/p>\n<p> Asimismo, hay que felicitar el trabajo que la Comisi&oacute;n Internacional de Verificaci&oacute;n est&aacute; llevando a cabo tanto con los distintos agentes de Euskal Herria, como a nivel internacional. M&aacute;s a&uacute;n, teniendo en cuenta la postura cerrada, obstruccionista e irrespetuosa que mantiene el Estado espa&ntilde;ol.<\/p>\n<p> De hecho, pretendiendo quitar importancia a esta iniciativa, ha llegado hasta un comportamiento esperp&eacute;ntico. Sin razonamiento alguno con el que pueda hacerle frente, se han visto en la obligaci&oacute;n de utilizar la &uacute;nica argumentaci&oacute;n que queda a quienes carecen de argumento alguno: la descalificaci&oacute;n. Cualquier Estado que se presenta como democr&aacute;tico habr&iacute;a dado, obligatoriamente, una respuesta positiva. Ya es hora de que el estado espa&ntilde;ol cambie de actitud y que de pasos de una vez por todas en la direcci&oacute;n que le exige este pueblo y le ofrece esta oportunidad. <\/p>\n<p> Por &uacute;ltimo, queremos hacer un especial llamamiento al Gobierno de Gasteiz para que asuma el importante papel que deber&iacute;a tener en el proceso de construir un escenario de paz y resoluci&oacute;n en Euskal Herria. Es hora de dejar de lado el juego del Estado y de implicarse firmemente en la apuesta por crear un nuevo tiempo, tal y como le reclama y debe seguir reclamando la sociedad vasca. De hecho, Euskal Herria lograr&aacute; sacar adelante este proceso, porque la ciudadan&iacute;a vasca, mediante nuestra exigencia, compromiso y fuerza, seremos quienes consigamos que se convierta en realidad.<\/p>\n<p> Euskal Herria, 21 de febrero de 2014<\/p>\n<p> &nbsp;<\/p><\/div>\n<div style=\"width:180px; float:left; padding-left:15px;\">\n<div style=\"text-align: center; \"><a href=\"\/rssak\"><input type=\"image\" src=\"\/materiala\/argazkiak\/feed.png\" alt=\"RSSak\" width=\"30\" height=\"30\" longdesc=\"undefined\" \/><\/a><a target=\"_blank\" href=\"http:\/\/www.facebook.com\/pages\/LAB-sindikatua\/292846207397345\" rel=\"noopener noreferrer\"><input type=\"image\" src=\"\/modules\/mod_socialmediacloud\/icons\/facebook.png\" alt=\"LAB Facebooken\" width=\"30\" height=\"30\" longdesc=\"undefined\" \/><\/a><a target=\"_blank\" href=\"http:\/\/issuu.com\/lab_argitalpenak\" rel=\"noopener noreferrer\"><input type=\"image\" src=\"\/modules\/mod_socialmediacloud\/icons\/issuu.png\" width=\"30\" height=\"30\" longdesc=\"undefined\" \/><\/a><a target=\"_blank\" href=\"http:\/\/es.scribd.com\/LABsindikatua\" rel=\"noopener noreferrer\"><input type=\"image\" src=\"\/modules\/mod_socialmediacloud\/icons\/scribd.png\" width=\"30\" height=\"30\" longdesc=\"undefined\" \/><br \/> <\/a><\/div>\n<div style=\"text-align: center; \"><a target=\"_blank\" href=\"http:\/\/twitter.com\/LABsindikatua\" rel=\"noopener noreferrer\"><input type=\"image\" src=\"\/modules\/mod_socialmediacloud\/icons\/twitter.png\" width=\"30\" height=\"30\" longdesc=\"undefined\" \/><\/a><a target=\"_blank\" href=\"http:\/\/www.youtube.com\/user\/labsindikatua\" rel=\"noopener noreferrer\"><input type=\"image\" src=\"\/modules\/mod_socialmediacloud\/icons\/youtube.png\" width=\"30\" height=\"30\" longdesc=\"undefined\" \/><\/a><a target=\"_blank\" href=\"http:\/\/www.flickr.com\/photos\/lab-sindikatua\/\" rel=\"noopener noreferrer\"><input type=\"image\" src=\"\/modules\/mod_socialmediacloud\/icons\/flickr.png\" width=\"30\" height=\"30\" longdesc=\"undefined\" \/><\/a><a href=\"http:\/\/www.labsindikatua.org\/eu\/hasiera\/upload\"><input type=\"image\" src=\"\/modules\/mod_socialmediacloud\/icons\/igo.png\" width=\"30\" height=\"30\" longdesc=\"undefined\" \/><\/a><\/div>\n<p> &nbsp;<\/p><\/div>\n<div>&nbsp;<\/div>\n","protected":false},"excerpt":{"rendered":"<p>Ante el anuncio realizado hoy por la Comisi&oacute;n Internacional de Verificaci&oacute;n, desde el sindicato LAB, queremos poner de relieve la importancia que tiene el paso dado por la organizaci&oacute;n ETA. Es indiscutible la aportaci&oacute;n que supone dicho paso al proceso en marcha en Euskal Herria y de esa manera es entendido tanto en Euskal Herria [&hellip;]<\/p>\n","protected":false},"author":1,"featured_media":0,"comment_status":"open","ping_status":"open","sticky":false,"template":"","format":"standard","meta":{"_monsterinsights_skip_tracking":false,"_monsterinsights_sitenote_active":false,"_monsterinsights_sitenote_note":"","_monsterinsights_sitenote_category":0,"footnotes":"","_links_to":"","_links_to_target":""},"categories":[165],"tags":[],"class_list":{"0":"post-11815","1":"post","2":"type-post","3":"status-publish","4":"format-standard","6":"category-es-conflicto-vasco"},"_links":{"self":[{"href":"https:\/\/www.lab.eus\/es\/wp-json\/wp\/v2\/posts\/11815","targetHints":{"allow":["GET"]}}],"collection":[{"href":"https:\/\/www.lab.eus\/es\/wp-json\/wp\/v2\/posts"}],"about":[{"href":"https:\/\/www.lab.eus\/es\/wp-json\/wp\/v2\/types\/post"}],"author":[{"embeddable":true,"href":"https:\/\/www.lab.eus\/es\/wp-json\/wp\/v2\/users\/1"}],"replies":[{"embeddable":true,"href":"https:\/\/www.lab.eus\/es\/wp-json\/wp\/v2\/comments?post=11815"}],"version-history":[{"count":0,"href":"https:\/\/www.lab.eus\/es\/wp-json\/wp\/v2\/posts\/11815\/revisions"}],"wp:attachment":[{"href":"https:\/\/www.lab.eus\/es\/wp-json\/wp\/v2\/media?parent=11815"}],"wp:term":[{"taxonomy":"category","embeddable":true,"href":"https:\/\/www.lab.eus\/es\/wp-json\/wp\/v2\/categories?post=11815"},{"taxonomy":"post_tag","embeddable":true,"href":"https:\/\/www.lab.eus\/es\/wp-json\/wp\/v2\/tags?post=11815"}],"curies":[{"name":"wp","href":"https:\/\/api.w.org\/{rel}","templated":true}]}}