{"id":11219,"date":"2013-05-22T14:51:29","date_gmt":"2013-05-22T14:51:29","guid":{"rendered":"https:\/\/www.lab.eus\/el-sindicato-lab-no-ha-acudido-a-la-reunion-de-mesa-general-de-la-funcion-publica-de-la-cav-convocada-para-hoy\/"},"modified":"2013-05-22T14:51:29","modified_gmt":"2013-05-22T14:51:29","slug":"el-sindicato-lab-no-ha-acudido-a-la-reunion-de-mesa-general-de-la-funcion-publica-de-la-cav-convocada-para-hoy","status":"publish","type":"post","link":"https:\/\/www.lab.eus\/es\/el-sindicato-lab-no-ha-acudido-a-la-reunion-de-mesa-general-de-la-funcion-publica-de-la-cav-convocada-para-hoy\/","title":{"rendered":"El sindicato LAB no ha acudido a la reuni\u00f3n de mesa general de la funci\u00f3n p\u00fablica de la CAV convocada para hoy"},"content":{"rendered":"<p>Hoy estaba prevista una nueva reuni&oacute;n de la mesa general de la funci&oacute;n p&uacute;blica a la cual el sindicato LAB no ha acudido. La raz&oacute;n ha sido que dentro del orden del d&iacute;a no figuraba el punto del decretazo que ha supuesto el incremento de la jornada laboral de los y las empleadas p&uacute;blicas dependientes de esa mesa. El pasado viernes, al comprobar que dicho punto no se encontraba dentro del orden del d&iacute;a, LAB hizo una petici&oacute;n a Jaurlaritza para que incluyera dicho punto y lo situase como primer punto del orden del d&iacute;a. Jaurlaritza no ha respondido ni ha incluido dicho punto, y es por ello por lo que el sindicato LAB no ha participado en dicha reuni&oacute;n.<br \/>  <!--more--> <\/p>\n<p> <\/p>\n<div style=\"padding-right:15px;width:345px; float:left; border-right-style:solid; border-right-width:1px; border-right-color:#dddddd\">Queremos recordar que en la ultima reuni&oacute;n de mesa general, Jaurlaritza qued&oacute; en explicar cual era su postura ante la petici&oacute;n por parte del Parlamento para que dejase en suspensi&oacute;n el decretazo que cambiaba la jornada laboral, y que los 4 sindicatos con representaci&oacute;n en dicha mesa suspendimos nuestra participaci&oacute;n en la misma hasta que Jaurlaritza no diera las explicaciones.<\/p>\n<p> Jaurlaritza no ha explicado su postura ante el requerimiento del Parlamento, mantiene la aplicaci&oacute;n del este decretazo, y sigue con la destrucci&oacute;n de empleo p&uacute;blico. Es en este contexto donde el sindicato LAB ha decidido no participar en la reuni&oacute;n de hoy, y en su lugar movilizarse a la entrada de Lakua, hacer una sentada en el hall del edificio y llevar la protesta hasta la puerta de la sala donde se estaba celebrando la reuni&oacute;n.<\/p>\n<p> Desde LAB pensamos que es desde la movilizaci&oacute;n desde donde vamos a hacer cambiar a Jaurlaritza, y es por eso que hacemos un llamamiento a las y los trabajadores de la funci&oacute;n p&uacute;blica de la CAV para que secunden las pr&oacute;ximas movilizaciones, y se sumen a la huelga general del 30 de mayo. As&iacute; mismo, llamamos al gobierno de Urkullu para que no siga instalado en la imposici&oacute;n, que haga caso a la mayor&iacute;a sindical y social, y haga suyo el requerimiento del Parlamento.&nbsp;<\/p>\n<p> &nbsp;<\/p><\/div>\n<div style=\"width:180px; float:left; padding-left:15px;\"><span style=\"font-family: Swift; \"><span style=\"color: rgb(0, 51, 0); \"><span style=\"font-size: medium; \">LAB SAREAN<\/span><\/span><\/span><br \/> {module[111]}<\/div>\n<p> &nbsp; &nbsp;&nbsp;<\/p>\n","protected":false},"excerpt":{"rendered":"<p>Hoy estaba prevista una nueva reuni&oacute;n de la mesa general de la funci&oacute;n p&uacute;blica a la cual el sindicato LAB no ha acudido. La raz&oacute;n ha sido que dentro del orden del d&iacute;a no figuraba el punto del decretazo que ha supuesto el incremento de la jornada laboral de los y las empleadas p&uacute;blicas dependientes [&hellip;]<\/p>\n","protected":false},"author":1,"featured_media":0,"comment_status":"open","ping_status":"open","sticky":false,"template":"","format":"standard","meta":{"_monsterinsights_skip_tracking":false,"_monsterinsights_sitenote_active":false,"_monsterinsights_sitenote_note":"","_monsterinsights_sitenote_category":0,"footnotes":"","_links_to":"","_links_to_target":""},"categories":[6,2998],"tags":[],"class_list":{"0":"post-11219","1":"post","2":"type-post","3":"status-publish","4":"format-standard","6":"category-es-servicios-publicos","7":"category-uncategorized-eu-es"},"_links":{"self":[{"href":"https:\/\/www.lab.eus\/es\/wp-json\/wp\/v2\/posts\/11219","targetHints":{"allow":["GET"]}}],"collection":[{"href":"https:\/\/www.lab.eus\/es\/wp-json\/wp\/v2\/posts"}],"about":[{"href":"https:\/\/www.lab.eus\/es\/wp-json\/wp\/v2\/types\/post"}],"author":[{"embeddable":true,"href":"https:\/\/www.lab.eus\/es\/wp-json\/wp\/v2\/users\/1"}],"replies":[{"embeddable":true,"href":"https:\/\/www.lab.eus\/es\/wp-json\/wp\/v2\/comments?post=11219"}],"version-history":[{"count":0,"href":"https:\/\/www.lab.eus\/es\/wp-json\/wp\/v2\/posts\/11219\/revisions"}],"wp:attachment":[{"href":"https:\/\/www.lab.eus\/es\/wp-json\/wp\/v2\/media?parent=11219"}],"wp:term":[{"taxonomy":"category","embeddable":true,"href":"https:\/\/www.lab.eus\/es\/wp-json\/wp\/v2\/categories?post=11219"},{"taxonomy":"post_tag","embeddable":true,"href":"https:\/\/www.lab.eus\/es\/wp-json\/wp\/v2\/tags?post=11219"}],"curies":[{"name":"wp","href":"https:\/\/api.w.org\/{rel}","templated":true}]}}