{"id":11065,"date":"2013-04-10T06:06:22","date_gmt":"2013-04-10T06:06:22","guid":{"rendered":"https:\/\/www.lab.eus\/en-defensa-del-convenio-del-metal-solo-nos-queda-la-movilizacion-no-hay-otra-via\/"},"modified":"2013-04-10T06:06:22","modified_gmt":"2013-04-10T06:06:22","slug":"en-defensa-del-convenio-del-metal-solo-nos-queda-la-movilizacion-no-hay-otra-via","status":"publish","type":"post","link":"https:\/\/www.lab.eus\/es\/en-defensa-del-convenio-del-metal-solo-nos-queda-la-movilizacion-no-hay-otra-via\/","title":{"rendered":"En defensa del convenio del metal s\u00f3lo nos queda la movilizaci\u00f3n, no hay otra v\u00eda"},"content":{"rendered":"<p>Ayer, 9 de abril,&nbsp;se reuni&oacute; la mesa del sector del metal de Gipuzkoa.&nbsp;El sindicato LAB, viendo cual es la actitud de la patronal, ha emplazado a los dem&aacute;s sindicatos de la mesa para acordar un calendario de movilizaciones conjunto. Esta misma semana LAB va a iniciar una ronda de contactos con los demas sindicatos con el objetivo de acordar movilizaciones unitarias.<br \/>  <!--more--> <\/p>\n<p> <\/p>\n<div style=\"padding-right:15px;width:345px; float:left; border-right-style:solid; border-right-width:1px; border-right-color:#dddddd\"><strong>Lectura de LAB ante la &uacute;ltima reuni&oacute;n de la mesa del sector del metal de Gipuzkoa<\/strong><\/p>\n<p> &laquo;Ayer, 9 de Abril del 2013, se reuni&oacute; la mesa del sector del metal de Gipuzkoa. CCOO y UGT llevar&oacute;n a la mesa sendas propuestas. Podemos decir que dichas propuestas se aproximan bastante a la &uacute;ltima propuesta realizada por LAB en diciembre del a&ntilde;o pasado. ADEGI ha rechazado de plano las dos propuestas y ha hecho una nueva, todav&iacute;a mucho m&aacute;s regresiva que la anterior. &Eacute;sta es la nueva propuesta de ADEGI:<\/p>\n<p> &#8211;\tcongelaci&oacute;n salarial para 2 a&ntilde;os.<br \/> &#8211;\tModificar el art&iacute;culo 9 del convenio. Es decir ahora ADEGI, adem&aacute;s de las 65 horas de disponibilidad que le otorga dicho art&iacute;culo, quiere utilizar tambien la flexibilidad del 10 % de la jornada anual que la reforma laboral ha introducido en el Estatuto de los Trabajadores. <br \/> &#8211;\tEliminaci&oacute;n del art&iacute;culo 49 del convenio para imponer el arbitraje obligatorio en los mismos terminos que se recoge en el Estatuto de los Trabajadores.<br \/> &#8211;\tLa eliminaci&oacute;n del art&iacute;culo 50 del convenio para abaratar, a&uacute;n m&aacute;s, si cabe, el despido.<br \/> &#8211;\tVigencia del convenio para dos a&ntilde;os con ultraactividad de un a&ntilde;o.<\/p>\n<p> El sindicato LAB, viendo cual es la actitud de la patronal, ha emplazado a los dem&aacute;s sindicatos de la mesa para acordar un calendario de movilizaciones conjunto. Esta misma semana LAB va a iniciar una ronda de contactos con los demas sindicatos con el objetivo de acordar movilizaciones unitarias.<\/p>\n<p> La patronal est&aacute; m&aacute;s chulesca que nunca y no renuncia a introducir dentro del convenio provincial la reforma que le ha regalado el se&ntilde;or Rajoy.<\/p>\n<p> Esperamos que los dem&aacute;s sindicatos de la mesa est&eacute;n a la altura que requiere la situaci&oacute;n. En el sector del papel y carton de Gipuzkoa y en el sector de gasolineras de Gipuzkoa y Bizkaia, mediante movilizaciones unitarias, ha sido posible firmar convenios que limitan las consecuencias de la reforma laboral. En el metal de Gipuzkoa &iquest; por qu&eacute; no?<\/p>\n<p> &iexcl; DEFENDAMOS NUESTRO CONVENIO!&iexcl; EL DE TODOS Y TODAS!&raquo;&nbsp;<\/p>\n<p> &nbsp;<\/p><\/div>\n<div style=\"width:180px; float:left; padding-left:15px;\"><span style=\"font-family: Swift; \"><span style=\"color: rgb(0, 51, 0); \"><span style=\"font-size: medium; \">LAB SAREAN<\/span><\/span><\/span><br \/> {module[111]}<\/div>\n<p> &nbsp; &nbsp;&nbsp;<\/p>\n","protected":false},"excerpt":{"rendered":"<p>Ayer, 9 de abril,&nbsp;se reuni&oacute; la mesa del sector del metal de Gipuzkoa.&nbsp;El sindicato LAB, viendo cual es la actitud de la patronal, ha emplazado a los dem&aacute;s sindicatos de la mesa para acordar un calendario de movilizaciones conjunto. Esta misma semana LAB va a iniciar una ronda de contactos con los demas sindicatos con [&hellip;]<\/p>\n","protected":false},"author":1,"featured_media":0,"comment_status":"open","ping_status":"open","sticky":false,"template":"","format":"standard","meta":{"_monsterinsights_skip_tracking":false,"_monsterinsights_sitenote_active":false,"_monsterinsights_sitenote_note":"","_monsterinsights_sitenote_category":0,"footnotes":"","_links_to":"","_links_to_target":""},"categories":[108],"tags":[],"class_list":{"0":"post-11065","1":"post","2":"type-post","3":"status-publish","4":"format-standard","6":"category-es-metal"},"_links":{"self":[{"href":"https:\/\/www.lab.eus\/es\/wp-json\/wp\/v2\/posts\/11065","targetHints":{"allow":["GET"]}}],"collection":[{"href":"https:\/\/www.lab.eus\/es\/wp-json\/wp\/v2\/posts"}],"about":[{"href":"https:\/\/www.lab.eus\/es\/wp-json\/wp\/v2\/types\/post"}],"author":[{"embeddable":true,"href":"https:\/\/www.lab.eus\/es\/wp-json\/wp\/v2\/users\/1"}],"replies":[{"embeddable":true,"href":"https:\/\/www.lab.eus\/es\/wp-json\/wp\/v2\/comments?post=11065"}],"version-history":[{"count":0,"href":"https:\/\/www.lab.eus\/es\/wp-json\/wp\/v2\/posts\/11065\/revisions"}],"wp:attachment":[{"href":"https:\/\/www.lab.eus\/es\/wp-json\/wp\/v2\/media?parent=11065"}],"wp:term":[{"taxonomy":"category","embeddable":true,"href":"https:\/\/www.lab.eus\/es\/wp-json\/wp\/v2\/categories?post=11065"},{"taxonomy":"post_tag","embeddable":true,"href":"https:\/\/www.lab.eus\/es\/wp-json\/wp\/v2\/tags?post=11065"}],"curies":[{"name":"wp","href":"https:\/\/api.w.org\/{rel}","templated":true}]}}