{"id":11064,"date":"2013-04-10T06:02:27","date_gmt":"2013-04-10T06:02:27","guid":{"rendered":"https:\/\/www.lab.eus\/lab-acudira-a-la-segunda-mesa-sectorial-de-osakidetza-a-defender-la-jornada-de-35-horas-y-la-creacion-de-empleo-publico-de-calidad-en-el-sistema-sanitario-vasco\/"},"modified":"2013-04-10T06:02:27","modified_gmt":"2013-04-10T06:02:27","slug":"lab-acudira-a-la-segunda-mesa-sectorial-de-osakidetza-a-defender-la-jornada-de-35-horas-y-la-creacion-de-empleo-publico-de-calidad-en-el-sistema-sanitario-vasco","status":"publish","type":"post","link":"https:\/\/www.lab.eus\/es\/lab-acudira-a-la-segunda-mesa-sectorial-de-osakidetza-a-defender-la-jornada-de-35-horas-y-la-creacion-de-empleo-publico-de-calidad-en-el-sistema-sanitario-vasco\/","title":{"rendered":"LAB acudir\u00e1 a la segunda mesa sectorial de Osakidetza a defender la jornada de 35 horas y la creaci\u00f3n de empleo p\u00fablico de calidad en el sistema sanitario vasco"},"content":{"rendered":"<p>El pr&oacute;ximo 11 de abril se celebrar&aacute; la segunda reuni&oacute;n de la Mesa Sectorial de Osakidetza. Desde la pasada reuni&oacute;n qued&oacute; claro que el PNV no est&aacute; dispuesto a una negociaci&oacute;n colectiva real en Osakidetza, ya que han dejado bien claro que la imposici&oacute;n de la jornada de 1614 horas es inamovible.<br \/>  <!--more--> <\/p>\n<p> <\/p>\n<div style=\"padding-right:15px;width:345px; float:left; border-right-style:solid; border-right-width:1px; border-right-color:#dddddd\">La decisi&oacute;n de acabar con el logro hist&oacute;rico de las 35 horas es un enorme paso atr&aacute;s en nuestros derechos laborales y en la calidad de nuestra sanidad p&uacute;blica. Esta grave decisi&oacute;n del PNV supondr&aacute; un acusado empeoramiento de las ya precarias condiciones laborales en Osakidetza, supondr&aacute; la destrucci&oacute;n de m&aacute;s de 2600 puestos de trabajo ocupados por personal eventual y, l&oacute;gicamente, empeorar&aacute; a&uacute;n m&aacute;s la calidad asistencial.<\/p>\n<p> Parece que la &uacute;nica negociaci&oacute;n que le interesa a Osakidetza es c&oacute;mo se va aplicar el incremento de jornada y la reducci&oacute;n de licencias en nuestros centros de salud, ambulatorios y hospitales. Cualquier propuesta en este sentido es mala y s&oacute;lo va a generar mayor precariedad y peor atenci&oacute;n a la poblaci&oacute;n.<\/p>\n<p> LAB ya ha dejado clara su postura: estamos dispuestos a negociar soluciones, no a negociar recortes. Nuestro objetivo principal es la creaci&oacute;n de empleo p&uacute;blico de calidad en Osakidetza, para lo que es imprescindible que partamos de la base de las 35 horas semanales.<\/p>\n<p> Por lo tanto, acudiremos a esta segunda mesa con los siguientes objetivos.<br \/> &bull;\tDefensa de nuestro derecho a la negociaci&oacute;n colectiva; para ello, hay que dar marcha atr&aacute;s en los recortes aplicados estos a&ntilde;os, bien desde Madrid, bien desde el gobierno de Patxi L&oacute;pez. En concreto, habr&iacute;a que derogar el aumento de jornada impuesto en Mesa General y los &ldquo;Acuerdos&rdquo; de OPE, Contrataci&oacute;n y Movilidad impuestos por el anterior gobierno del PSE.<br \/> &bull;\tCreaci&oacute;n de empleo p&uacute;blico en Osakidetza como forma de atender con calidad las necesidades sanitarias dela poblaci&oacute;n vasca y activar la econom&iacute;a. Osakidetza, que pagamos entre todos y todas, no puede aplicar un ERE a miles de personas necesarias para sacar el trabajo adelante. Al contrario, el funcionamiento del sistema sanitario necesita m&aacute;s puestos de trabajo.<\/p>\n<p> El aumento de la jornada es una l&iacute;nea roja que el PNV ha cruzado de forma totalmente irresponsable. La situaci&oacute;n es muy grave y muy grave lo que est&aacute; en juego, por lo que invitamos al resto de sindicatos a hacer una reflexi&oacute;n conjunta. As&iacute; mismo, hacemos un llamamiento a las y los trabajadores a continuar peleando y a tomar parte en las movilizaciones que se convoquen para el d&iacute;a 11 en sus respectivos centros.&nbsp;<\/p>\n<p> &nbsp;<\/p><\/div>\n<div style=\"width:180px; float:left; padding-left:15px;\"><span style=\"font-family: Swift; \"><span style=\"color: rgb(0, 51, 0); \"><span style=\"font-size: medium; \">LAB SAREAN<\/span><\/span><\/span><br \/> {module[111]}<\/div>\n<p> &nbsp; &nbsp;&nbsp;<\/p>\n","protected":false},"excerpt":{"rendered":"<p>El pr&oacute;ximo 11 de abril se celebrar&aacute; la segunda reuni&oacute;n de la Mesa Sectorial de Osakidetza. Desde la pasada reuni&oacute;n qued&oacute; claro que el PNV no est&aacute; dispuesto a una negociaci&oacute;n colectiva real en Osakidetza, ya que han dejado bien claro que la imposici&oacute;n de la jornada de 1614 horas es inamovible.<\/p>\n","protected":false},"author":1,"featured_media":0,"comment_status":"open","ping_status":"open","sticky":false,"template":"","format":"standard","meta":{"_monsterinsights_skip_tracking":false,"_monsterinsights_sitenote_active":false,"_monsterinsights_sitenote_note":"","_monsterinsights_sitenote_category":0,"footnotes":"","_links_to":"","_links_to_target":""},"categories":[3097,2998],"tags":[3100],"class_list":{"0":"post-11064","1":"post","2":"type-post","3":"status-publish","4":"format-standard","6":"category-sanidad","7":"category-uncategorized-eu-es","8":"tag-sanidad-es"},"_links":{"self":[{"href":"https:\/\/www.lab.eus\/es\/wp-json\/wp\/v2\/posts\/11064","targetHints":{"allow":["GET"]}}],"collection":[{"href":"https:\/\/www.lab.eus\/es\/wp-json\/wp\/v2\/posts"}],"about":[{"href":"https:\/\/www.lab.eus\/es\/wp-json\/wp\/v2\/types\/post"}],"author":[{"embeddable":true,"href":"https:\/\/www.lab.eus\/es\/wp-json\/wp\/v2\/users\/1"}],"replies":[{"embeddable":true,"href":"https:\/\/www.lab.eus\/es\/wp-json\/wp\/v2\/comments?post=11064"}],"version-history":[{"count":0,"href":"https:\/\/www.lab.eus\/es\/wp-json\/wp\/v2\/posts\/11064\/revisions"}],"wp:attachment":[{"href":"https:\/\/www.lab.eus\/es\/wp-json\/wp\/v2\/media?parent=11064"}],"wp:term":[{"taxonomy":"category","embeddable":true,"href":"https:\/\/www.lab.eus\/es\/wp-json\/wp\/v2\/categories?post=11064"},{"taxonomy":"post_tag","embeddable":true,"href":"https:\/\/www.lab.eus\/es\/wp-json\/wp\/v2\/tags?post=11064"}],"curies":[{"name":"wp","href":"https:\/\/api.w.org\/{rel}","templated":true}]}}